{"id":3730,"date":"2025-09-18T10:52:27","date_gmt":"2025-09-18T08:52:27","guid":{"rendered":"https:\/\/mediation.eveha.fr\/?p=3730"},"modified":"2025-09-18T11:29:12","modified_gmt":"2025-09-18T09:29:12","slug":"nos-activites-de-mediation-pour-les-journees-europeennes-du-patrimoine","status":"publish","type":"post","link":"https:\/\/mediation.eveha.fr\/index.php\/nos-activites-de-mediation-pour-les-journees-europeennes-du-patrimoine\/","title":{"rendered":"Nos activit\u00e9s de m\u00e9diation pour les journ\u00e9es europ\u00e9ennes du patrimoine"},"content":{"rendered":"\n<p class=\"wp-block-paragraph\">Cette ann\u00e9e encore, notre planning d&rsquo;activit\u00e9s \u00e0 l&rsquo;occasion des journ\u00e9es du patrimoine s&rsquo;annonce charg\u00e9. <br>Retrouvez ci-dessous le d\u00e9tail de nos prestations en esp\u00e9rant qu&rsquo;au moins l&rsquo;une d&rsquo;entre elles sera proche de chez vous !?<br><br><\/p>\n\n\n\n<div class=\"wp-block-columns is-layout-flex wp-container-core-columns-is-layout-b91472e3 wp-block-columns-is-layout-flex\">\n<div class=\"wp-block-column is-layout-flow wp-container-core-column-is-layout-67704f50 wp-block-column-is-layout-flow\" style=\"padding-top:0;padding-bottom:0\">\n<h4 class=\"wp-block-heading has-text-align-center\">Tours<\/h4>\n\n\n\n<figure class=\"wp-block-image aligncenter size-full\" style=\"margin-top:var(--wp--preset--spacing--30);margin-bottom:var(--wp--preset--spacing--30)\"><img loading=\"lazy\" decoding=\"async\" width=\"1600\" height=\"1200\" src=\"https:\/\/mediation.eveha.fr\/wp-content\/uploads\/2025\/09\/INTRANET-JEP.jpg\" alt=\"\" class=\"wp-image-3735\" srcset=\"https:\/\/mediation.eveha.fr\/wp-content\/uploads\/2025\/09\/INTRANET-JEP.jpg 1600w, https:\/\/mediation.eveha.fr\/wp-content\/uploads\/2025\/09\/INTRANET-JEP-300x225.jpg 300w, https:\/\/mediation.eveha.fr\/wp-content\/uploads\/2025\/09\/INTRANET-JEP-1024x768.jpg 1024w, https:\/\/mediation.eveha.fr\/wp-content\/uploads\/2025\/09\/INTRANET-JEP-768x576.jpg 768w, https:\/\/mediation.eveha.fr\/wp-content\/uploads\/2025\/09\/INTRANET-JEP-1536x1152.jpg 1536w\" sizes=\"auto, (max-width: 1600px) 100vw, 1600px\" \/><\/figure>\n\n\n\n<p class=\"has-small-font-size wp-block-paragraph\" style=\"margin-top:0;margin-bottom:0;padding-top:0;padding-bottom:0\"><strong>Ouverture exceptionnelle de l\u2019agence de Tours au grand public, le 20 septembre, \u00e0 l\u2019occasion des Journ\u00e9es Europ\u00e9ennes du patrimoine.<\/strong><\/p>\n\n\n\n<p class=\"has-small-font-size wp-block-paragraph\" style=\"margin-top:0;margin-bottom:0;padding-top:0;padding-bottom:0\">L\u2019\u00e9quipe de l\u2019agence \u00c9veha de Tours invite le grand public \u00e0 plonger dans l\u2019univers passionnant de l\u2019arch\u00e9ologie \u00e0 travers 2 parcours de visite. De la fouille aux analyses en laboratoire, vous d\u00e9couvrirez la richesse de nos m\u00e9tiers et notre quotidien.<\/p>\n\n\n\n<p class=\"has-small-font-size wp-block-paragraph\" style=\"margin-top:0;margin-bottom:0;padding-top:0;padding-bottom:0\">Bref, un v\u00e9ritable voyage au c\u0153ur de nos savoir-faire arch\u00e9ologiques !<br>Dur\u00e9e de la visite : 1h20 min.<\/p>\n\n\n\n<div class=\"wp-block-buttons is-content-justification-center is-layout-flex wp-container-core-buttons-is-layout-2e72010f wp-block-buttons-is-layout-flex\" style=\"margin-top:var(--wp--preset--spacing--30);margin-bottom:var(--wp--preset--spacing--30)\">\n<div class=\"wp-block-button is-style-fill\"><a class=\"wp-block-button__link has-base-color has-secondary-background-color has-text-color has-background has-link-color wp-element-button\" href=\"https:\/\/www.eveha.fr\/index.php\/jep-agence-tours\/\">plus d&rsquo;infos<\/a><\/div>\n<\/div>\n<\/div>\n\n\n\n<div class=\"wp-block-column is-layout-flow wp-block-column-is-layout-flow\">\n<h4 class=\"wp-block-heading has-text-align-center\">Clermont-Ferrand<\/h4>\n\n\n\n<figure class=\"wp-block-image aligncenter size-full\" style=\"margin-top:var(--wp--preset--spacing--30);margin-bottom:var(--wp--preset--spacing--30)\"><img loading=\"lazy\" decoding=\"async\" width=\"1600\" height=\"1200\" src=\"https:\/\/mediation.eveha.fr\/wp-content\/uploads\/2025\/09\/INTRANET-JEP2.jpg\" alt=\"\" class=\"wp-image-3736\" srcset=\"https:\/\/mediation.eveha.fr\/wp-content\/uploads\/2025\/09\/INTRANET-JEP2.jpg 1600w, https:\/\/mediation.eveha.fr\/wp-content\/uploads\/2025\/09\/INTRANET-JEP2-300x225.jpg 300w, https:\/\/mediation.eveha.fr\/wp-content\/uploads\/2025\/09\/INTRANET-JEP2-1024x768.jpg 1024w, https:\/\/mediation.eveha.fr\/wp-content\/uploads\/2025\/09\/INTRANET-JEP2-768x576.jpg 768w, https:\/\/mediation.eveha.fr\/wp-content\/uploads\/2025\/09\/INTRANET-JEP2-1536x1152.jpg 1536w\" sizes=\"auto, (max-width: 1600px) 100vw, 1600px\" \/><\/figure>\n\n\n\n<p class=\"has-small-font-size wp-block-paragraph\" style=\"margin-top:0;margin-bottom:0;padding-top:0;padding-bottom:0\"><strong>Ouverture de l\u2019agence de Clermont-Ferrand au grand public, le 20 septembre 2025, \u00e0 l\u2019occasion des Journ\u00e9es Europ\u00e9ennes du patrimoine.<\/strong><br>Qu\u2019est-ce que l\u2019arch\u00e9ologie pr\u00e9ventive ? Quel est le r\u00f4le d\u2019un responsable d\u2019op\u00e9ration ? Comment \u00e9tudie-t-on des vestiges enfouis\u2026 parfois m\u00eame sous l\u2019eau ? Qui se cache derri\u00e8re le myst\u00e9rieux acronyme \u00ab GAF \u00bb ? Comment se d\u00e9roule une fouille, et quels objets les arch\u00e9ologues analysent-ils au quotidien ?<br>Autant de questions auxquelles nos coll\u00e8gues clermontois, r\u00e9pondront tout au long de cette journ\u00e9e!<\/p>\n\n\n\n<p class=\"has-small-font-size wp-block-paragraph\" style=\"margin-top:0;margin-bottom:0;padding-top:0;padding-bottom:0\">Dur\u00e9e de la visite : env. 1h.<\/p>\n\n\n\n<div class=\"wp-block-buttons is-content-justification-center is-layout-flex wp-container-core-buttons-is-layout-2e72010f wp-block-buttons-is-layout-flex\" style=\"margin-top:var(--wp--preset--spacing--30);margin-bottom:var(--wp--preset--spacing--30)\">\n<div class=\"wp-block-button is-style-fill\"><a class=\"wp-block-button__link has-base-color has-secondary-background-color has-text-color has-background has-link-color wp-element-button\" href=\"https:\/\/www.eveha.fr\/index.php\/jep-agence-clermont\/\">plus d&rsquo;infos<\/a><\/div>\n<\/div>\n<\/div>\n<\/div>\n\n\n\n<div class=\"wp-block-columns is-layout-flex wp-container-core-columns-is-layout-b91472e3 wp-block-columns-is-layout-flex\">\n<div class=\"wp-block-column is-layout-flow wp-container-core-column-is-layout-67704f50 wp-block-column-is-layout-flow\" style=\"padding-top:0;padding-bottom:0\">\n<h4 class=\"wp-block-heading has-text-align-center\">Veynes <\/h4>\n\n\n\n<figure class=\"wp-block-image aligncenter size-full\" style=\"margin-top:var(--wp--preset--spacing--30);margin-bottom:var(--wp--preset--spacing--30)\"><img loading=\"lazy\" decoding=\"async\" width=\"600\" height=\"450\" src=\"https:\/\/mediation.eveha.fr\/wp-content\/uploads\/2025\/09\/2025-09-04-visu-conf-veynes-1.webp\" alt=\"\" class=\"wp-image-3732\" srcset=\"https:\/\/mediation.eveha.fr\/wp-content\/uploads\/2025\/09\/2025-09-04-visu-conf-veynes-1.webp 600w, https:\/\/mediation.eveha.fr\/wp-content\/uploads\/2025\/09\/2025-09-04-visu-conf-veynes-1-300x225.webp 300w\" sizes=\"auto, (max-width: 600px) 100vw, 600px\" \/><\/figure>\n\n\n\n<p class=\"has-small-font-size wp-block-paragraph\" style=\"margin-top:0;margin-bottom:0;padding-top:0;padding-bottom:0\">\u00c0 Veynes (05), les vestiges d\u2019un ensemble de\u00a0monuments\u00a0fun\u00e9raires originaux, sans \u00e9quivalents, \u00e0 notre connaissance, dans le N\u00e9olithique du Sud de la France. \u00c0 l\u2019occasion des Journ\u00e9es europ\u00e9ennes du Patrimoine,<strong> C\u00e9dric Lep\u00e8re (\u00c9veha) reviendra sur ces d\u00e9couvertes exceptionnelles \u00e0 l\u2019occasion d\u2019une conf\u00e9rence grand public.<\/strong><br>Date : 21 sept.<\/p>\n\n\n\n<div class=\"wp-block-buttons is-content-justification-center is-layout-flex wp-container-core-buttons-is-layout-2e72010f wp-block-buttons-is-layout-flex\" style=\"margin-top:var(--wp--preset--spacing--30);margin-bottom:var(--wp--preset--spacing--30)\">\n<div class=\"wp-block-button is-style-fill\"><a class=\"wp-block-button__link has-base-color has-secondary-background-color has-text-color has-background has-link-color wp-element-button\" href=\"https:\/\/journeesdupatrimoine.culture.gouv.fr\/w\/377623\/evenement\/19064346\/conference-les-secrets-reveles-par-les-fouilles#\/events\/19064346\">plus d&rsquo;infos<\/a><\/div>\n<\/div>\n<\/div>\n\n\n\n<div class=\"wp-block-column is-layout-flow wp-block-column-is-layout-flow\">\n<h4 class=\"wp-block-heading has-text-align-center\">Brest &#8211; Le Spernot<\/h4>\n\n\n\n<figure class=\"wp-block-image aligncenter size-full\" style=\"margin-top:var(--wp--preset--spacing--30);margin-bottom:var(--wp--preset--spacing--30)\"><img loading=\"lazy\" decoding=\"async\" width=\"600\" height=\"450\" src=\"https:\/\/mediation.eveha.fr\/wp-content\/uploads\/2025\/09\/2025-09-04-visu-conf-gen-13.webp\" alt=\"\" class=\"wp-image-3742\" srcset=\"https:\/\/mediation.eveha.fr\/wp-content\/uploads\/2025\/09\/2025-09-04-visu-conf-gen-13.webp 600w, https:\/\/mediation.eveha.fr\/wp-content\/uploads\/2025\/09\/2025-09-04-visu-conf-gen-13-300x225.webp 300w\" sizes=\"auto, (max-width: 600px) 100vw, 600px\" \/><\/figure>\n\n\n\n<p class=\"has-small-font-size wp-block-paragraph\" style=\"margin-top:0;margin-bottom:0;padding-top:0;padding-bottom:0\"><strong>Dans le cadre des JEP, nous vous invitons \u00e0 une conf\u00e9rence exceptionnelle \u00e0 la mairie de quartier de Lamb\u00e9zellec le vendredi 19 septembre \u00e0 18h30.Marine Gourmelon<\/strong>, responsable d\u2019op\u00e9ration, viendra pr\u00e9senter les <strong>premiers r\u00e9sultats de la fouille du site du <\/strong><em><strong>Spernot<\/strong><\/em>, men\u00e9e au printemps dernier. Pour plus d\u2019informations, renseignez vous sur le site officiel des Journ\u00e9es Europ\u00e9ennes de l\u2019Arch\u00e9ologie <br><strong>Date :<\/strong> Vendredi 19 septembre 2025<br><strong>Horaire :<\/strong> \u00e0 partir de 18h30<br><strong>Lieu :<\/strong> Salle Pierre Corre &#8211; Mairie de quartier de Lamb\u00e9zellec<br><strong>Organisation :<\/strong> BMA, Ville de Brest<\/p>\n\n\n\n<div class=\"wp-block-buttons is-content-justification-center is-layout-flex wp-container-core-buttons-is-layout-2e72010f wp-block-buttons-is-layout-flex\" style=\"margin-top:var(--wp--preset--spacing--30);margin-bottom:var(--wp--preset--spacing--30)\">\n<div class=\"wp-block-button is-style-fill\"><a class=\"wp-block-button__link has-base-color has-secondary-background-color has-text-color has-background has-link-color wp-element-button\" href=\"https:\/\/experience.arcgis.com\/experience\/328e79c34ddd431eb0b82d5c36fb1ea5\/page\/Page#data_s=id%3AdataSource_4-1985582a1cf-layer-1%3A33\">plus d&rsquo;infos<\/a><\/div>\n<\/div>\n<\/div>\n<\/div>\n\n\n\n<div class=\"wp-block-columns is-layout-flex wp-container-core-columns-is-layout-b91472e3 wp-block-columns-is-layout-flex\">\n<div class=\"wp-block-column is-layout-flow wp-container-core-column-is-layout-67704f50 wp-block-column-is-layout-flow\" style=\"padding-top:0;padding-bottom:0\">\n<h4 class=\"wp-block-heading has-text-align-center\">Saint-Aubin-du-Cormier<\/h4>\n\n\n\n<figure class=\"wp-block-image aligncenter size-full\" style=\"margin-top:var(--wp--preset--spacing--30);margin-bottom:var(--wp--preset--spacing--30)\"><img loading=\"lazy\" decoding=\"async\" width=\"600\" height=\"450\" src=\"https:\/\/mediation.eveha.fr\/wp-content\/uploads\/2025\/09\/1757512945182.jpg\" alt=\"\" class=\"wp-image-3740\" srcset=\"https:\/\/mediation.eveha.fr\/wp-content\/uploads\/2025\/09\/1757512945182.jpg 600w, https:\/\/mediation.eveha.fr\/wp-content\/uploads\/2025\/09\/1757512945182-300x225.jpg 300w\" sizes=\"auto, (max-width: 600px) 100vw, 600px\" \/><\/figure>\n\n\n\n<p class=\"has-small-font-size wp-block-paragraph\" style=\"margin-top:0;margin-bottom:0;padding-top:0;padding-bottom:0\">Apr\u00e8s plusieurs ann\u00e9es de travaux, <strong>le ch\u00e2teau de Saint-Aubin-du-Cormier ouvre ses portes<\/strong> \u00e0 l\u2019occasion des Journ\u00e9es Europ\u00e9ennes du Patrimoine.<br><strong>Le samedi 20 septembre, Daniel \u00c9tienne (arch\u00e9ologue \u00e0 \u00c9veha) propose ainsi des visites sur l&rsquo;histoire du ch\u00e2teau \u00e0 10h30, 13h30 et 16h.<\/strong><br>D\u2019autres manifestations sont \u00e9galement propos\u00e9es. Renseignements aupr\u00e8s de la commune.<\/p>\n\n\n\n<div class=\"wp-block-buttons is-content-justification-center is-layout-flex wp-container-core-buttons-is-layout-2e72010f wp-block-buttons-is-layout-flex\" style=\"margin-top:var(--wp--preset--spacing--30);margin-bottom:var(--wp--preset--spacing--30)\">\n<div class=\"wp-block-button is-style-fill\"><a class=\"wp-block-button__link has-base-color has-secondary-background-color has-text-color has-background has-link-color wp-element-button\" href=\"https:\/\/www.saint-aubin-du-cormier.bzh\/\">plus d&rsquo;infos<\/a><\/div>\n<\/div>\n<\/div>\n\n\n\n<div class=\"wp-block-column is-layout-flow wp-block-column-is-layout-flow\">\n<h4 class=\"wp-block-heading has-text-align-center\">Guyane<\/h4>\n\n\n\n<figure class=\"wp-block-image aligncenter size-full\" style=\"margin-top:var(--wp--preset--spacing--30);margin-bottom:var(--wp--preset--spacing--30)\"><img loading=\"lazy\" decoding=\"async\" width=\"1600\" height=\"1200\" src=\"https:\/\/mediation.eveha.fr\/wp-content\/uploads\/2025\/09\/2025-09-04-visu-conf-gen-1.jpg\" alt=\"\" class=\"wp-image-3741\" srcset=\"https:\/\/mediation.eveha.fr\/wp-content\/uploads\/2025\/09\/2025-09-04-visu-conf-gen-1.jpg 1600w, https:\/\/mediation.eveha.fr\/wp-content\/uploads\/2025\/09\/2025-09-04-visu-conf-gen-1-300x225.jpg 300w, https:\/\/mediation.eveha.fr\/wp-content\/uploads\/2025\/09\/2025-09-04-visu-conf-gen-1-1024x768.jpg 1024w, https:\/\/mediation.eveha.fr\/wp-content\/uploads\/2025\/09\/2025-09-04-visu-conf-gen-1-768x576.jpg 768w, https:\/\/mediation.eveha.fr\/wp-content\/uploads\/2025\/09\/2025-09-04-visu-conf-gen-1-1536x1152.jpg 1536w\" sizes=\"auto, (max-width: 1600px) 100vw, 1600px\" \/><\/figure>\n\n\n\n<p class=\"has-small-font-size wp-block-paragraph\" style=\"margin-top:0;margin-bottom:0;padding-top:0;padding-bottom:0\"><strong>\u00ab\u00a0Les maisons en gaulettes : un patrimoine architectural guyanais.\u00a0\u00bb<\/strong> \u00c0 l\u2019occasion des Journ\u00e9es Europ\u00e9ennes du Patrimoine, <strong>notre coll\u00e8gue Lydie Clerc mettra en lumi\u00e8re ce patrimoine m\u00e9connu lors d\u2019une conf\u00e9rence \u00e0 deux voix avec la CRMH.<\/strong> Elle vous pr\u00e9sentera l&rsquo;\u00e9tude des maisons en gaulettes de Guyane r\u00e9alis\u00e9e par \u00c9veha. Vous y d\u00e9couvrirez l\u2019int\u00e9r\u00eat historique et architectural de ce patrimoine de plus en plus rare, et comprendrez ainsi les enjeux li\u00e9s \u00e0 sa conservation, sa valorisation et sa transmission.<br><strong>Lieu : Maison des Cultures et des M\u00e9moires de Guyane \/ Archives Territoriales de Guyane &#8211; R\u00e9mire-Montjoly.<\/strong>  <strong>Date : le 20 sept. \u00e0 10h et \u00e0 12h.<\/strong><\/p>\n\n\n\n<div class=\"wp-block-buttons is-content-justification-center is-layout-flex wp-container-core-buttons-is-layout-2e72010f wp-block-buttons-is-layout-flex\" style=\"margin-top:var(--wp--preset--spacing--30);margin-bottom:var(--wp--preset--spacing--30)\">\n<div class=\"wp-block-button is-style-fill\"><a class=\"wp-block-button__link has-base-color has-secondary-background-color has-text-color has-background has-link-color wp-element-button\" href=\"https:\/\/journeesdupatrimoine.culture.gouv.fr\/w\/377623\/evenement\/19114972\/les-maisons-en-gaulettes-un-patrimoine-architectural-guyanais#\/events\/19114972\">plus d&rsquo;infos<\/a><\/div>\n<\/div>\n<\/div>\n<\/div>\n\n\n\n<div class=\"wp-block-columns is-layout-flex wp-container-core-columns-is-layout-b91472e3 wp-block-columns-is-layout-flex\">\n<div class=\"wp-block-column is-layout-flow wp-container-core-column-is-layout-67704f50 wp-block-column-is-layout-flow\" style=\"padding-top:0;padding-bottom:0\">\n<h4 class=\"wp-block-heading has-text-align-center\">Moissac<\/h4>\n\n\n\n<figure class=\"wp-block-image aligncenter size-full\" style=\"margin-top:var(--wp--preset--spacing--30);margin-bottom:var(--wp--preset--spacing--30)\"><img loading=\"lazy\" decoding=\"async\" width=\"800\" height=\"600\" src=\"https:\/\/mediation.eveha.fr\/wp-content\/uploads\/2025\/09\/1757080975554.jpg\" alt=\"\" class=\"wp-image-3743\" srcset=\"https:\/\/mediation.eveha.fr\/wp-content\/uploads\/2025\/09\/1757080975554.jpg 800w, https:\/\/mediation.eveha.fr\/wp-content\/uploads\/2025\/09\/1757080975554-300x225.jpg 300w, https:\/\/mediation.eveha.fr\/wp-content\/uploads\/2025\/09\/1757080975554-768x576.jpg 768w\" sizes=\"auto, (max-width: 800px) 100vw, 800px\" \/><\/figure>\n\n\n\n<p class=\"has-small-font-size wp-block-paragraph\" style=\"margin-top:0;margin-bottom:0;padding-top:0;padding-bottom:0\">Rendez-vous les 20 et 21 septembre 2025 pour les Journ\u00e9es du Patrimoine ! <strong>Notre coll\u00e8gue Yoan MATTALIA aura le plaisir de vous pr\u00e9senter \u00e0 l\u2019occasion d\u2019une conf\u00e9rence les d\u00e9couvertes faites lors des r\u00e9centes fouilles arch\u00e9ologiques dans le clo\u00eetre de l&rsquo;abbaye Saint-Pierre de Moissac (82).<\/strong><\/p>\n\n\n\n<p class=\"has-small-font-size wp-block-paragraph\" style=\"margin-top:0;margin-bottom:0;padding-top:0;padding-bottom:0\">Venez nombreux, l&rsquo;entr\u00e9e est gratuite !<\/p>\n\n\n\n<p class=\"has-small-font-size wp-block-paragraph\" style=\"margin-top:0;margin-bottom:0;padding-top:0;padding-bottom:0\">Informations : Place des R\u00e9collets \u00e0 Moissac, le samedi 20 septembre \u00e0 17h<\/p>\n\n\n\n<div class=\"wp-block-buttons is-content-justification-center is-layout-flex wp-container-core-buttons-is-layout-2e72010f wp-block-buttons-is-layout-flex\" style=\"margin-top:var(--wp--preset--spacing--30);margin-bottom:var(--wp--preset--spacing--30)\">\n<div class=\"wp-block-button is-style-fill\"><a class=\"wp-block-button__link has-base-color has-secondary-background-color has-text-color has-background has-link-color wp-element-button\" href=\"https:\/\/www.tourisme-moissac-terresdesconfluences.fr\/fr\/fiche\/fete-et-manifestation\/conference-les-decouvertes-archeologiques-de-l-abbaye-journees-europeennes-du-patrimoine-moissac_TFO7495222\/\">plus d&rsquo;infos<\/a><\/div>\n<\/div>\n<\/div>\n\n\n\n<div class=\"wp-block-column is-layout-flow wp-block-column-is-layout-flow\"><\/div>\n<\/div>\n\n\n\n<p class=\"wp-block-paragraph\"><\/p>\n","protected":false},"excerpt":{"rendered":"<p>Cette ann\u00e9e encore, notre planning d&rsquo;activit\u00e9s \u00e0 l&rsquo;occasion des journ\u00e9es du patrimoine s&rsquo;annonce charg\u00e9. Retrouvez ci-dessous le d\u00e9tail de nos prestations en esp\u00e9rant qu&rsquo;au moins l&rsquo;une d&rsquo;entre elles sera proche de chez vous !? Tours Ouverture exceptionnelle de l\u2019agence de Tours au grand public, le 20 septembre, \u00e0 l\u2019occasion des Journ\u00e9es Europ\u00e9ennes du patrimoine. L\u2019\u00e9quipe [&hellip;]<\/p>\n","protected":false},"author":3,"featured_media":3731,"comment_status":"open","ping_status":"open","sticky":false,"template":"","format":"standard","meta":{"_crdt_document":"","inline_featured_image":false,"footnotes":""},"categories":[1],"tags":[],"class_list":["post-3730","post","type-post","status-publish","format-standard","has-post-thumbnail","hentry","category-portesouvertes"],"_links":{"self":[{"href":"https:\/\/mediation.eveha.fr\/index.php\/wp-json\/wp\/v2\/posts\/3730","targetHints":{"allow":["GET"]}}],"collection":[{"href":"https:\/\/mediation.eveha.fr\/index.php\/wp-json\/wp\/v2\/posts"}],"about":[{"href":"https:\/\/mediation.eveha.fr\/index.php\/wp-json\/wp\/v2\/types\/post"}],"author":[{"embeddable":true,"href":"https:\/\/mediation.eveha.fr\/index.php\/wp-json\/wp\/v2\/users\/3"}],"replies":[{"embeddable":true,"href":"https:\/\/mediation.eveha.fr\/index.php\/wp-json\/wp\/v2\/comments?post=3730"}],"version-history":[{"count":6,"href":"https:\/\/mediation.eveha.fr\/index.php\/wp-json\/wp\/v2\/posts\/3730\/revisions"}],"predecessor-version":[{"id":3744,"href":"https:\/\/mediation.eveha.fr\/index.php\/wp-json\/wp\/v2\/posts\/3730\/revisions\/3744"}],"wp:featuredmedia":[{"embeddable":true,"href":"https:\/\/mediation.eveha.fr\/index.php\/wp-json\/wp\/v2\/media\/3731"}],"wp:attachment":[{"href":"https:\/\/mediation.eveha.fr\/index.php\/wp-json\/wp\/v2\/media?parent=3730"}],"wp:term":[{"taxonomy":"category","embeddable":true,"href":"https:\/\/mediation.eveha.fr\/index.php\/wp-json\/wp\/v2\/categories?post=3730"},{"taxonomy":"post_tag","embeddable":true,"href":"https:\/\/mediation.eveha.fr\/index.php\/wp-json\/wp\/v2\/tags?post=3730"}],"curies":[{"name":"wp","href":"https:\/\/api.w.org\/{rel}","templated":true}]}}