{"id":3661,"date":"2025-06-20T07:20:27","date_gmt":"2025-06-20T05:20:27","guid":{"rendered":"https:\/\/mediation.eveha.fr\/?p=3661"},"modified":"2025-06-20T07:29:15","modified_gmt":"2025-06-20T05:29:15","slug":"jea-visites-a-nort-sur-erdre","status":"publish","type":"post","link":"https:\/\/mediation.eveha.fr\/index.php\/jea-visites-a-nort-sur-erdre\/","title":{"rendered":"JEA &#8211; Visites \u00e0 Nort-sur-Erdre (44)"},"content":{"rendered":"\n<p class=\"wp-block-paragraph\"><strong>\u00c0 l\u2019occasion des <\/strong><strong>Journ\u00e9es Europ\u00e9ennes de l\u2019Arch\u00e9ologie<\/strong><strong>, les <\/strong><strong>11 et 12 juin derniers<\/strong><strong>, plus de <\/strong><strong>220 visiteurs<\/strong><strong> \u2013 dont <\/strong><strong>150 personnes pour le grand public<\/strong><strong> et <\/strong><strong>72 \u00e9l\u00e8ves en accueil p\u00e9riscolaire<\/strong><strong> \u2013 ont \u00e9t\u00e9 accueillis sur le chantier de fouille de l\u2019<\/strong><strong>Espace Charles de Gaulle \u00e0 Nort-sur-Erdre (44)<\/strong><strong>.<\/strong><\/p>\n\n\n\n<p class=\"wp-block-paragraph\">Ces visites ont permis au public de d\u00e9couvrir les coulisses d\u2019une <strong>op\u00e9ration d\u2019arch\u00e9ologie pr\u00e9ventive<\/strong>, men\u00e9e par les arch\u00e9ologues d\u2019\u00c9veha en amont de la construction d\u2019un <strong>complexe cin\u00e9matographique<\/strong> et d\u2019un <strong>nouveau parvis urbain<\/strong>. Sur une surface de plus de <strong>4 000 m\u00b2<\/strong>, nos \u00e9quipes travaillent \u00e0 <strong>mettre au jour, analyser et documenter<\/strong> les vestiges enfouis, contribuant ainsi \u00e0 <strong>l\u2019enrichissement des connaissances sur l\u2019histoire locale<\/strong>.<\/p>\n\n\n\n<p class=\"wp-block-paragraph\">Un grand merci \u00e0 toutes celles et ceux qui ont particip\u00e9 \u00e0 ces temps d\u2019\u00e9change, et aux \u00e9quipes d&rsquo;\u00c9veha mobilis\u00e9es et \u00e0 celle de la <strong>mairie de Nort-sur-Erdre<\/strong> pour faire de cette journ\u00e9e de m\u00e9diation un franc succ\u00e8s !<\/p>\n\n\n\n<p class=\"wp-block-paragraph\">Le chantier se poursuit jusqu\u2019au <strong>27 juin 2025<\/strong>.<\/p>\n\n\n\n<div class=\"wp-block-columns is-layout-flex wp-container-core-columns-is-layout-b91472e3 wp-block-columns-is-layout-flex\">\n<div class=\"wp-block-column is-layout-flow wp-block-column-is-layout-flow\">\n<figure class=\"wp-block-image size-full\"><img loading=\"lazy\" decoding=\"async\" width=\"1024\" height=\"577\" src=\"https:\/\/mediation.eveha.fr\/wp-content\/uploads\/2025\/06\/2025_JPO_Nort-sur-Erdre_101333bis.jpg\" alt=\"\" class=\"wp-image-3662\" srcset=\"https:\/\/mediation.eveha.fr\/wp-content\/uploads\/2025\/06\/2025_JPO_Nort-sur-Erdre_101333bis.jpg 1024w, https:\/\/mediation.eveha.fr\/wp-content\/uploads\/2025\/06\/2025_JPO_Nort-sur-Erdre_101333bis-300x169.jpg 300w, https:\/\/mediation.eveha.fr\/wp-content\/uploads\/2025\/06\/2025_JPO_Nort-sur-Erdre_101333bis-768x433.jpg 768w\" sizes=\"auto, (max-width: 1024px) 100vw, 1024px\" \/><\/figure>\n<\/div>\n\n\n\n<div class=\"wp-block-column is-layout-flow wp-block-column-is-layout-flow\">\n<figure class=\"wp-block-image size-full\"><img loading=\"lazy\" decoding=\"async\" width=\"1024\" height=\"577\" src=\"https:\/\/mediation.eveha.fr\/wp-content\/uploads\/2025\/06\/2025_JPO_Nort-sur-Erdre_103135bis.jpg\" alt=\"\" class=\"wp-image-3663\" srcset=\"https:\/\/mediation.eveha.fr\/wp-content\/uploads\/2025\/06\/2025_JPO_Nort-sur-Erdre_103135bis.jpg 1024w, https:\/\/mediation.eveha.fr\/wp-content\/uploads\/2025\/06\/2025_JPO_Nort-sur-Erdre_103135bis-300x169.jpg 300w, https:\/\/mediation.eveha.fr\/wp-content\/uploads\/2025\/06\/2025_JPO_Nort-sur-Erdre_103135bis-768x433.jpg 768w\" sizes=\"auto, (max-width: 1024px) 100vw, 1024px\" \/><\/figure>\n<\/div>\n<\/div>\n\n\n\n<div class=\"wp-block-columns is-layout-flex wp-container-core-columns-is-layout-b91472e3 wp-block-columns-is-layout-flex\">\n<div class=\"wp-block-column is-layout-flow wp-block-column-is-layout-flow\"><\/div>\n\n\n\n<div class=\"wp-block-column is-layout-flow wp-block-column-is-layout-flow\"><\/div>\n<\/div>\n","protected":false},"excerpt":{"rendered":"<p>\u00c0 l\u2019occasion des Journ\u00e9es Europ\u00e9ennes de l\u2019Arch\u00e9ologie, les 11 et 12 juin derniers, plus de 220 visiteurs \u2013 dont 150 personnes pour le grand public et 72 \u00e9l\u00e8ves en accueil p\u00e9riscolaire \u2013 ont \u00e9t\u00e9 accueillis sur le chantier de fouille de l\u2019Espace Charles de Gaulle \u00e0 Nort-sur-Erdre (44). Ces visites ont permis au public de [&hellip;]<\/p>\n","protected":false},"author":5,"featured_media":3664,"comment_status":"open","ping_status":"open","sticky":false,"template":"","format":"standard","meta":{"_crdt_document":"","inline_featured_image":false,"footnotes":""},"categories":[20,1],"tags":[],"class_list":["post-3661","post","type-post","status-publish","format-standard","has-post-thumbnail","hentry","category-animation","category-portesouvertes"],"_links":{"self":[{"href":"https:\/\/mediation.eveha.fr\/index.php\/wp-json\/wp\/v2\/posts\/3661","targetHints":{"allow":["GET"]}}],"collection":[{"href":"https:\/\/mediation.eveha.fr\/index.php\/wp-json\/wp\/v2\/posts"}],"about":[{"href":"https:\/\/mediation.eveha.fr\/index.php\/wp-json\/wp\/v2\/types\/post"}],"author":[{"embeddable":true,"href":"https:\/\/mediation.eveha.fr\/index.php\/wp-json\/wp\/v2\/users\/5"}],"replies":[{"embeddable":true,"href":"https:\/\/mediation.eveha.fr\/index.php\/wp-json\/wp\/v2\/comments?post=3661"}],"version-history":[{"count":3,"href":"https:\/\/mediation.eveha.fr\/index.php\/wp-json\/wp\/v2\/posts\/3661\/revisions"}],"predecessor-version":[{"id":3667,"href":"https:\/\/mediation.eveha.fr\/index.php\/wp-json\/wp\/v2\/posts\/3661\/revisions\/3667"}],"wp:featuredmedia":[{"embeddable":true,"href":"https:\/\/mediation.eveha.fr\/index.php\/wp-json\/wp\/v2\/media\/3664"}],"wp:attachment":[{"href":"https:\/\/mediation.eveha.fr\/index.php\/wp-json\/wp\/v2\/media?parent=3661"}],"wp:term":[{"taxonomy":"category","embeddable":true,"href":"https:\/\/mediation.eveha.fr\/index.php\/wp-json\/wp\/v2\/categories?post=3661"},{"taxonomy":"post_tag","embeddable":true,"href":"https:\/\/mediation.eveha.fr\/index.php\/wp-json\/wp\/v2\/tags?post=3661"}],"curies":[{"name":"wp","href":"https:\/\/api.w.org\/{rel}","templated":true}]}}