{"id":3656,"date":"2025-06-18T17:08:10","date_gmt":"2025-06-18T15:08:10","guid":{"rendered":"https:\/\/mediation.eveha.fr\/?p=3656"},"modified":"2025-06-18T17:08:10","modified_gmt":"2025-06-18T15:08:10","slug":"on-parle-archeo-en-corse","status":"publish","type":"post","link":"https:\/\/mediation.eveha.fr\/index.php\/on-parle-archeo-en-corse\/","title":{"rendered":"On parle arch\u00e9o en Corse !"},"content":{"rendered":"\n<p class=\"wp-block-paragraph\">Nos \u00e9quipes \u00c9veha sont en pr\u00e9sentes en Corse comme ailleurs en France ! <\/p>\n\n\n\n<p class=\"wp-block-paragraph\">Et si nous y r\u00e9alisons des fouilles terrestres comme subaquatiques, nous sommes \u00e9galement l\u00e0 pour animer des ateliers de m\u00e9diation arch\u00e9ologique aupr\u00e8s de tous les publics.<\/p>\n\n\n\n<p class=\"wp-block-paragraph\">Ainsi, \u00e0 l&rsquo;occasion des Journ\u00e9es europ\u00e9ennes de l&rsquo;Arch\u00e9ologie (JEA), nous avons rejoint le village de l&rsquo;arch\u00e9ologie organis\u00e9 par le service r\u00e9gional de l&rsquo;Arch\u00e9ologie et nous y avons anim\u00e9 un stand de pr\u00e9sentation de l&rsquo;arch\u00e9ologie pour les enfants.<\/p>\n\n\n\n<p class=\"wp-block-paragraph\">Cet atelier, version \u00ab tout terrain \u00bb de l&rsquo;atelier men\u00e9 dans les classes, a ainsi permis \u00e0 de nombreux enfants de comprendre les \u00e9tapes de la fouille, depuis le premier coup de pelle jusqu&rsquo;aux \u00e9tudes en laboratoire gr\u00e2ce aux Playmobil(R) et \u00e0 notre mallette p\u00e9dagogique !<\/p>\n\n\n\n<p class=\"wp-block-paragraph\">Si vous aussi, vous souhaitez pr\u00e9senter l&rsquo;arch\u00e9ologie \u00e0 vos classes, n&rsquo;h\u00e9sitez pas \u00e0 nous contacter !<\/p>\n\n\n\n<p class=\"wp-block-paragraph\">  <\/p>\n\n\n\n<figure class=\"wp-block-gallery has-nested-images columns-default is-cropped wp-block-gallery-1 is-layout-flex wp-block-gallery-is-layout-flex\">\n<figure class=\"wp-block-image size-large\"><img loading=\"lazy\" decoding=\"async\" width=\"1024\" height=\"768\" data-id=\"3659\" src=\"https:\/\/mediation.eveha.fr\/wp-content\/uploads\/2025\/06\/IMG_4872-2-1024x768.jpg\" alt=\"\" class=\"wp-image-3659\" srcset=\"https:\/\/mediation.eveha.fr\/wp-content\/uploads\/2025\/06\/IMG_4872-2-1024x768.jpg 1024w, https:\/\/mediation.eveha.fr\/wp-content\/uploads\/2025\/06\/IMG_4872-2-300x225.jpg 300w, https:\/\/mediation.eveha.fr\/wp-content\/uploads\/2025\/06\/IMG_4872-2-768x576.jpg 768w, https:\/\/mediation.eveha.fr\/wp-content\/uploads\/2025\/06\/IMG_4872-2-1536x1152.jpg 1536w, https:\/\/mediation.eveha.fr\/wp-content\/uploads\/2025\/06\/IMG_4872-2.jpg 2048w\" sizes=\"auto, (max-width: 1024px) 100vw, 1024px\" \/><\/figure>\n\n\n\n<figure class=\"wp-block-image size-large\"><img loading=\"lazy\" decoding=\"async\" width=\"768\" height=\"1024\" data-id=\"3658\" src=\"https:\/\/mediation.eveha.fr\/wp-content\/uploads\/2025\/06\/IMG_4866-2-768x1024.jpg\" alt=\"\" class=\"wp-image-3658\" srcset=\"https:\/\/mediation.eveha.fr\/wp-content\/uploads\/2025\/06\/IMG_4866-2-768x1024.jpg 768w, https:\/\/mediation.eveha.fr\/wp-content\/uploads\/2025\/06\/IMG_4866-2-225x300.jpg 225w, https:\/\/mediation.eveha.fr\/wp-content\/uploads\/2025\/06\/IMG_4866-2-1152x1536.jpg 1152w, https:\/\/mediation.eveha.fr\/wp-content\/uploads\/2025\/06\/IMG_4866-2.jpg 1536w\" sizes=\"auto, (max-width: 768px) 100vw, 768px\" \/><\/figure>\n<\/figure>\n","protected":false},"excerpt":{"rendered":"<p>Nos \u00e9quipes \u00c9veha sont en pr\u00e9sentes en Corse comme ailleurs en France ! Et si nous y r\u00e9alisons des fouilles terrestres comme subaquatiques, nous sommes \u00e9galement l\u00e0 pour animer des ateliers de m\u00e9diation arch\u00e9ologique aupr\u00e8s de tous les publics. Ainsi, \u00e0 l&rsquo;occasion des Journ\u00e9es europ\u00e9ennes de l&rsquo;Arch\u00e9ologie (JEA), nous avons rejoint le village de l&rsquo;arch\u00e9ologie [&hellip;]<\/p>\n","protected":false},"author":6,"featured_media":3657,"comment_status":"open","ping_status":"open","sticky":false,"template":"","format":"standard","meta":{"_crdt_document":"","inline_featured_image":false,"footnotes":""},"categories":[1],"tags":[],"class_list":["post-3656","post","type-post","status-publish","format-standard","has-post-thumbnail","hentry","category-portesouvertes"],"_links":{"self":[{"href":"https:\/\/mediation.eveha.fr\/index.php\/wp-json\/wp\/v2\/posts\/3656","targetHints":{"allow":["GET"]}}],"collection":[{"href":"https:\/\/mediation.eveha.fr\/index.php\/wp-json\/wp\/v2\/posts"}],"about":[{"href":"https:\/\/mediation.eveha.fr\/index.php\/wp-json\/wp\/v2\/types\/post"}],"author":[{"embeddable":true,"href":"https:\/\/mediation.eveha.fr\/index.php\/wp-json\/wp\/v2\/users\/6"}],"replies":[{"embeddable":true,"href":"https:\/\/mediation.eveha.fr\/index.php\/wp-json\/wp\/v2\/comments?post=3656"}],"version-history":[{"count":1,"href":"https:\/\/mediation.eveha.fr\/index.php\/wp-json\/wp\/v2\/posts\/3656\/revisions"}],"predecessor-version":[{"id":3660,"href":"https:\/\/mediation.eveha.fr\/index.php\/wp-json\/wp\/v2\/posts\/3656\/revisions\/3660"}],"wp:featuredmedia":[{"embeddable":true,"href":"https:\/\/mediation.eveha.fr\/index.php\/wp-json\/wp\/v2\/media\/3657"}],"wp:attachment":[{"href":"https:\/\/mediation.eveha.fr\/index.php\/wp-json\/wp\/v2\/media?parent=3656"}],"wp:term":[{"taxonomy":"category","embeddable":true,"href":"https:\/\/mediation.eveha.fr\/index.php\/wp-json\/wp\/v2\/categories?post=3656"},{"taxonomy":"post_tag","embeddable":true,"href":"https:\/\/mediation.eveha.fr\/index.php\/wp-json\/wp\/v2\/tags?post=3656"}],"curies":[{"name":"wp","href":"https:\/\/api.w.org\/{rel}","templated":true}]}}