{"id":3631,"date":"2025-06-06T11:03:51","date_gmt":"2025-06-06T09:03:51","guid":{"rendered":"https:\/\/mediation.eveha.fr\/?p=3631"},"modified":"2025-06-11T16:52:29","modified_gmt":"2025-06-11T14:52:29","slug":"jea-programme-eveha","status":"publish","type":"post","link":"https:\/\/mediation.eveha.fr\/index.php\/jea-programme-eveha\/","title":{"rendered":"JEA \u2013 programme \u00c9veha"},"content":{"rendered":"\n<div class=\"wp-block-columns is-layout-flex wp-container-core-columns-is-layout-b91472e3 wp-block-columns-is-layout-flex\">\n<div class=\"wp-block-column is-vertically-aligned-center is-layout-flow wp-block-column-is-layout-flow\">\n<p class=\"wp-block-paragraph\"><strong>Cette ann\u00e9e encore, \u00c9veha sera pr\u00e9sent aux JEA gr\u00e2ce \u00e0 l&rsquo;engagement de coll\u00e8gues un peu partout en France. Petit tour d&rsquo;horizon de notre programmation :<\/strong><\/p>\n<\/div>\n\n\n\n<div class=\"wp-block-column is-layout-flow wp-block-column-is-layout-flow\">\n<figure class=\"wp-block-image size-large\"><img loading=\"lazy\" decoding=\"async\" width=\"1024\" height=\"576\" src=\"https:\/\/mediation.eveha.fr\/wp-content\/uploads\/2025\/06\/jea2025-1024x576.jpg\" alt=\"\" class=\"wp-image-3635\" srcset=\"https:\/\/mediation.eveha.fr\/wp-content\/uploads\/2025\/06\/jea2025-1024x576.jpg 1024w, https:\/\/mediation.eveha.fr\/wp-content\/uploads\/2025\/06\/jea2025-300x169.jpg 300w, https:\/\/mediation.eveha.fr\/wp-content\/uploads\/2025\/06\/jea2025-768x432.jpg 768w, https:\/\/mediation.eveha.fr\/wp-content\/uploads\/2025\/06\/jea2025-1536x864.jpg 1536w, https:\/\/mediation.eveha.fr\/wp-content\/uploads\/2025\/06\/jea2025.jpg 1920w\" sizes=\"auto, (max-width: 1024px) 100vw, 1024px\" \/><\/figure>\n<\/div>\n<\/div>\n\n\n\n<div style=\"height:36px\" aria-hidden=\"true\" class=\"wp-block-spacer\"><\/div>\n\n\n\n<div class=\"wp-block-columns is-layout-flex wp-container-core-columns-is-layout-b91472e3 wp-block-columns-is-layout-flex\">\n<div class=\"wp-block-column is-layout-flow wp-block-column-is-layout-flow\">\n<ul class=\"wp-block-list\">\n<li><strong>Strasbourg (67) : visites de l&rsquo;exposition \u00ab Un pass\u00e9 incontournable \u00bb au Mus\u00e9e Arch\u00e9ologique.<\/strong> \u00c0 l&rsquo;occasion de l&rsquo;inauguration de l&rsquo;exposition retra\u00e7ant les principales d\u00e9couvertes men\u00e9es le long du COS par l&rsquo;ensemble des op\u00e9rateurs, ces derniers sont invit\u00e9s \u00e0 r\u00e9aliser des visites-\u00e9clairs dans les all\u00e9es de l&rsquo;exposition.\n<ul class=\"wp-block-list\">\n<li>\u00e9quipe : Marie-Aude Schittly<\/li>\n\n\n\n<li class=\"has-secondary-color has-text-color has-link-color wp-elements-d0491a7190c0308a840e860450002e0b\">date : samedi 14 juin<\/li>\n\n\n\n<li>lien : <a href=\"https:\/\/journees-archeologie.eu\/c-2025\/Programme\/fiche-initiative\/22859\/Musee-Archeologique-de-Strasbourg\">https:\/\/journees-archeologie.eu\/c-2025\/Programme\/fiche-initiative\/22859\/Musee-Archeologique-de-Strasbourg<\/a><\/li>\n<\/ul>\n<\/li>\n<\/ul>\n<\/div>\n\n\n\n<div class=\"wp-block-column is-layout-flow wp-block-column-is-layout-flow\">\n<ul class=\"wp-block-list\">\n<li><strong>Toulouse (31) : animation au village de l&rsquo;arch\u00e9ologie du Mus\u00e9e Saint-Raymond. <\/strong>Depuis plusieurs ann\u00e9es, le mus\u00e9e organise un temps fort dans ses murs, en proposant \u00e0 l&rsquo;ensemble des acteurs de l&rsquo;arch\u00e9ologie locale de pr\u00e9senter leurs actualit\u00e9s, leurs ateliers, etc.\n<ul class=\"wp-block-list\">\n<li class=\"has-secondary-color has-text-color has-link-color wp-elements-d0491a7190c0308a840e860450002e0b\">date : samedi 14 juin<\/li>\n\n\n\n<li>lien : <a href=\"https:\/\/journees-archeologie.eu\/c-2025\/Programme\/fiche-initiative\/21973\/Village-de-l-Archeologie\">https:\/\/journees-archeologie.eu\/c-2025\/Programme\/fiche-initiative\/21973\/Village-de-l-Archeologie<\/a><\/li>\n<\/ul>\n<\/li>\n<\/ul>\n<\/div>\n<\/div>\n\n\n\n<div style=\"height:36px\" aria-hidden=\"true\" class=\"wp-block-spacer\"><\/div>\n\n\n\n<p class=\"wp-block-paragraph\"><\/p>\n\n\n\n<div class=\"wp-block-columns is-layout-flex wp-container-core-columns-is-layout-b91472e3 wp-block-columns-is-layout-flex\">\n<div class=\"wp-block-column is-layout-flow wp-block-column-is-layout-flow\">\n<ul class=\"wp-block-list\">\n<li><strong>Sainte-Anne (972) : conf\u00e9rence du site en cours de fouille. <\/strong>La fouille du site des Boucaniers r\u00e9v\u00e8le des vestiges exceptionnels pour la compr\u00e9hension de l&rsquo;histoire pr\u00e9colombienne de l&rsquo;\u00eele.\n<ul class=\"wp-block-list\">\n<li>\u00e9quipe : Guillaume Seguin<\/li>\n\n\n\n<li class=\"has-secondary-color has-text-color has-link-color wp-elements-33f52215068796f36b9aed7dda32ec60\">date : vendredi 13 juin<\/li>\n\n\n\n<li>lien : <a href=\"https:\/\/journees-archeologie.eu\/fru-3394\/c-2025\/Programme\/fiche-initiative\/23593\/Mairie-de-Saint-Anne-Salle-des-deliberations\">https:\/\/journees-archeologie.eu\/fru-3394\/c-2025\/Programme\/fiche-initiative\/23593\/Mairie-de-Saint-Anne-Salle-des-deliberations<\/a><\/li>\n<\/ul>\n<\/li>\n<\/ul>\n<\/div>\n\n\n\n<div class=\"wp-block-column is-layout-flow wp-block-column-is-layout-flow\">\n<ul class=\"wp-block-list\">\n<li><strong>Saintes (17) : animation au mus\u00e9e arch\u00e9ologique de M\u00e9diolanum. <\/strong>Depuis plusieurs ann\u00e9es, \u00c9veha est associ\u00e9e au JEA pour pr\u00e9senter les recherches subaquatiques men\u00e9es dans le lit de la Charente sur deux \u00e9paves antiques.\n<ul class=\"wp-block-list\">\n<li>\u00e9quipe : Jonathan Letuppe<\/li>\n\n\n\n<li class=\"has-secondary-color has-text-color has-link-color wp-elements-33f52215068796f36b9aed7dda32ec60\">date : vendredi 13 juin<\/li>\n\n\n\n<li>lien : <a href=\"https:\/\/journees-archeologie.eu\/c-2025\/Programme\/fiche-initiative\/22675\/Musee-Archeologique-de-Saintes\">https:\/\/journees-archeologie.eu\/c-2025\/Programme\/fiche-initiative\/22675\/Musee-Archeologique-de-Saintes<\/a><\/li>\n<\/ul>\n<\/li>\n<\/ul>\n<\/div>\n<\/div>\n\n\n\n<div style=\"height:36px\" aria-hidden=\"true\" class=\"wp-block-spacer\"><\/div>\n\n\n\n<p class=\"wp-block-paragraph\"><\/p>\n\n\n\n<div class=\"wp-block-columns is-layout-flex wp-container-core-columns-is-layout-b91472e3 wp-block-columns-is-layout-flex\">\n<div class=\"wp-block-column is-layout-flow wp-block-column-is-layout-flow\">\n<ul class=\"wp-block-list\">\n<li><strong>Asnapio (59) : animation au village de l&rsquo;arch\u00e9ologie du site d&rsquo;Asnapio.<\/strong> Pour la premi\u00e8re fois, le site d&rsquo;Asnapio propose de r\u00e9unir l&rsquo;ensemble des acteurs de l&rsquo;arch\u00e9ologie des Hauts-de-France. \u00c0 cette occasion, nous d\u00e9ployons nos caisses des experts !\n<ul class=\"wp-block-list\">\n<li>\u00e9quipe : Perrine Badeau et Am\u00e9lie Desrue<\/li>\n\n\n\n<li class=\"has-secondary-color has-text-color has-link-color wp-elements-5cd01010064b59623883825477d7ed49\">date : dimanche 15 juin<\/li>\n\n\n\n<li>lien : <a href=\"https:\/\/journees-archeologie.eu\/c-2025\/Programme\/fiche-initiative\/22122\/Parc-archeologique-Asnapio\">https:\/\/journees-archeologie.eu\/c-2025\/Programme\/fiche-initiative\/22122\/Parc-archeologique-Asnapio<\/a><\/li>\n<\/ul>\n<\/li>\n<\/ul>\n<\/div>\n\n\n\n<div class=\"wp-block-column is-layout-flow wp-block-column-is-layout-flow\">\n<ul class=\"wp-block-list\">\n<li><strong>Ajaccio (20) : animation au village de l&rsquo;arch\u00e9ologie.<\/strong> Organis\u00e9 par le SRA, ce village regroupe les acteurs de l&rsquo;arch\u00e9ologique sur l&rsquo;\u00eele de Beaut\u00e9 et propose de sensibiliser les locaux \u00e0 leur patrimoine. Nous aborderons l&rsquo;arch\u00e9ologie pour les tout petits.<\/li>\n\n\n\n<li>\u00e9quipe : Anne-Claire Misme<\/li>\n\n\n\n<li class=\"has-secondary-color has-text-color has-link-color wp-elements-023adaaef58d1a76cd6ef1883a41ba5c\">date : vendredi 13 et samedi 14 juin<\/li>\n\n\n\n<li>lien : <a href=\"https:\/\/journees-archeologie.eu\/c-2025\/Programme\/fiche-initiative\/22017\/Village-de-l-archeologie-corse-au-Grand-site-des-Iles-Sang-63b54a4a6bea712b586131e2a4486ca3-25374200\">https:\/\/journees-archeologie.eu\/c-2025\/Programme\/fiche-initiative\/22017\/Village-de-l-archeologie-corse-au-Grand-site-des-Iles-Sang-63b54a4a6bea712b586131e2a4486ca3-25374200<\/a><\/li>\n<\/ul>\n<\/div>\n<\/div>\n\n\n\n<div style=\"height:36px\" aria-hidden=\"true\" class=\"wp-block-spacer\"><\/div>\n\n\n\n<div class=\"wp-block-columns is-layout-flex wp-container-core-columns-is-layout-b91472e3 wp-block-columns-is-layout-flex\">\n<div class=\"wp-block-column is-layout-flow wp-block-column-is-layout-flow\">\n<ul class=\"wp-block-list\">\n<li><strong>Nort-sur-Erdre (44) : visites de scolaires et du grand public sur la fouille en cours.<\/strong> Un peu en marge des JEA (la veille du lancement officiel !), nous proposons de pr\u00e9senter les d\u00e9couvertes essentiellement li\u00e9es \u00e0 une occupation m\u00e9di\u00e9vale d\u00e9couverte sur ce site situ\u00e9 en zone humide.<\/li>\n\n\n\n<li>\u00e9quipe : Nolwenn Le Faou et Xavier Bernardeau<\/li>\n\n\n\n<li class=\"has-secondary-color has-text-color has-link-color wp-elements-fe736f6db968f1f9e51ad56aa200cb20\">date : jeudi 12 juin<\/li>\n<\/ul>\n<\/div>\n\n\n\n<div class=\"wp-block-column is-layout-flow wp-block-column-is-layout-flow\"><\/div>\n<\/div>\n\n\n\n<div style=\"height:36px\" aria-hidden=\"true\" class=\"wp-block-spacer\"><\/div>\n\n\n\n<p class=\"wp-block-paragraph\"><\/p>\n","protected":false},"excerpt":{"rendered":"<p>Cette ann\u00e9e encore, \u00c9veha sera pr\u00e9sent aux JEA gr\u00e2ce \u00e0 l&rsquo;engagement de coll\u00e8gues un peu partout en France. Petit tour d&rsquo;horizon de notre programmation :<\/p>\n","protected":false},"author":3,"featured_media":3632,"comment_status":"open","ping_status":"open","sticky":false,"template":"","format":"standard","meta":{"_crdt_document":"","inline_featured_image":false,"footnotes":""},"categories":[1],"tags":[],"class_list":["post-3631","post","type-post","status-publish","format-standard","has-post-thumbnail","hentry","category-portesouvertes"],"_links":{"self":[{"href":"https:\/\/mediation.eveha.fr\/index.php\/wp-json\/wp\/v2\/posts\/3631","targetHints":{"allow":["GET"]}}],"collection":[{"href":"https:\/\/mediation.eveha.fr\/index.php\/wp-json\/wp\/v2\/posts"}],"about":[{"href":"https:\/\/mediation.eveha.fr\/index.php\/wp-json\/wp\/v2\/types\/post"}],"author":[{"embeddable":true,"href":"https:\/\/mediation.eveha.fr\/index.php\/wp-json\/wp\/v2\/users\/3"}],"replies":[{"embeddable":true,"href":"https:\/\/mediation.eveha.fr\/index.php\/wp-json\/wp\/v2\/comments?post=3631"}],"version-history":[{"count":6,"href":"https:\/\/mediation.eveha.fr\/index.php\/wp-json\/wp\/v2\/posts\/3631\/revisions"}],"predecessor-version":[{"id":3651,"href":"https:\/\/mediation.eveha.fr\/index.php\/wp-json\/wp\/v2\/posts\/3631\/revisions\/3651"}],"wp:featuredmedia":[{"embeddable":true,"href":"https:\/\/mediation.eveha.fr\/index.php\/wp-json\/wp\/v2\/media\/3632"}],"wp:attachment":[{"href":"https:\/\/mediation.eveha.fr\/index.php\/wp-json\/wp\/v2\/media?parent=3631"}],"wp:term":[{"taxonomy":"category","embeddable":true,"href":"https:\/\/mediation.eveha.fr\/index.php\/wp-json\/wp\/v2\/categories?post=3631"},{"taxonomy":"post_tag","embeddable":true,"href":"https:\/\/mediation.eveha.fr\/index.php\/wp-json\/wp\/v2\/tags?post=3631"}],"curies":[{"name":"wp","href":"https:\/\/api.w.org\/{rel}","templated":true}]}}