{"id":3604,"date":"2025-04-03T16:53:07","date_gmt":"2025-04-03T14:53:07","guid":{"rendered":"https:\/\/mediation.eveha.fr\/?p=3604"},"modified":"2025-04-03T17:09:09","modified_gmt":"2025-04-03T15:09:09","slug":"portes-ouvertes-au-spernot-29","status":"publish","type":"post","link":"https:\/\/mediation.eveha.fr\/index.php\/portes-ouvertes-au-spernot-29\/","title":{"rendered":"Portes ouvertes au Spernot (29)"},"content":{"rendered":"\n<p class=\"wp-block-paragraph\">Durant deux jours, plus de <strong>130 visiteurs<\/strong> ont eu la chance de passer <strong>dans les coulisses du chantier de fouille<\/strong> du site du <strong>Spernot \u00e0 Brest (29)<\/strong> ! Petits et grands, de <strong>7 \u00e0 77 ans (et plus !)<\/strong>, ont pu \u00e9changer avec les arch\u00e9ologues en plein travail et satisfaire leur curiosit\u00e9.<\/p>\n\n\n\n<p class=\"wp-block-paragraph\">Vestiges, m\u00e9thodes de fouille, outils et mobilier arch\u00e9ologiques\u2026 <strong>rien ne leur a \u00e9chapp\u00e9<\/strong> ! Nos visiteurs repartent avec des \u00e9toiles plein les yeux et de <strong>nouvelles vocations d&rsquo;arch\u00e9ologues en herbe<\/strong>.<\/p>\n\n\n\n<p class=\"wp-block-paragraph\">Un grand merci \u00e0 BMA et Brest M\u00e9tropole pour nous avoir accompagn\u00e9 tout au long de ce beau projet !<\/p>\n\n\n\n<div class=\"wp-block-columns is-layout-flex wp-container-core-columns-is-layout-b91472e3 wp-block-columns-is-layout-flex\">\n<div class=\"wp-block-column is-layout-flow wp-block-column-is-layout-flow\" style=\"flex-basis:33.34%\">\n<figure class=\"wp-block-image size-full\"><img loading=\"lazy\" decoding=\"async\" width=\"1024\" height=\"640\" src=\"https:\/\/mediation.eveha.fr\/wp-content\/uploads\/2025\/04\/Spernot-Visite-2.jpg\" alt=\"\" class=\"wp-image-3612\" srcset=\"https:\/\/mediation.eveha.fr\/wp-content\/uploads\/2025\/04\/Spernot-Visite-2.jpg 1024w, https:\/\/mediation.eveha.fr\/wp-content\/uploads\/2025\/04\/Spernot-Visite-2-300x188.jpg 300w, https:\/\/mediation.eveha.fr\/wp-content\/uploads\/2025\/04\/Spernot-Visite-2-768x480.jpg 768w\" sizes=\"auto, (max-width: 1024px) 100vw, 1024px\" \/><\/figure>\n<\/div>\n\n\n\n<div class=\"wp-block-column is-layout-flow wp-block-column-is-layout-flow\" style=\"flex-basis:33.34%\">\n<figure class=\"wp-block-image size-full\"><img loading=\"lazy\" decoding=\"async\" width=\"1024\" height=\"640\" src=\"https:\/\/mediation.eveha.fr\/wp-content\/uploads\/2025\/04\/Spernot2-3.jpg\" alt=\"\" class=\"wp-image-3611\" srcset=\"https:\/\/mediation.eveha.fr\/wp-content\/uploads\/2025\/04\/Spernot2-3.jpg 1024w, https:\/\/mediation.eveha.fr\/wp-content\/uploads\/2025\/04\/Spernot2-3-300x188.jpg 300w, https:\/\/mediation.eveha.fr\/wp-content\/uploads\/2025\/04\/Spernot2-3-768x480.jpg 768w\" sizes=\"auto, (max-width: 1024px) 100vw, 1024px\" \/><\/figure>\n<\/div>\n\n\n\n<div class=\"wp-block-column is-layout-flow wp-block-column-is-layout-flow\" style=\"flex-basis:33.33%\">\n<figure class=\"wp-block-image size-full\"><img loading=\"lazy\" decoding=\"async\" width=\"1024\" height=\"640\" src=\"https:\/\/mediation.eveha.fr\/wp-content\/uploads\/2025\/04\/Spernot-3.jpg\" alt=\"\" class=\"wp-image-3613\" srcset=\"https:\/\/mediation.eveha.fr\/wp-content\/uploads\/2025\/04\/Spernot-3.jpg 1024w, https:\/\/mediation.eveha.fr\/wp-content\/uploads\/2025\/04\/Spernot-3-300x188.jpg 300w, https:\/\/mediation.eveha.fr\/wp-content\/uploads\/2025\/04\/Spernot-3-768x480.jpg 768w\" sizes=\"auto, (max-width: 1024px) 100vw, 1024px\" \/><\/figure>\n<\/div>\n<\/div>\n\n\n\n<div class=\"wp-block-columns is-layout-flex wp-container-core-columns-is-layout-b91472e3 wp-block-columns-is-layout-flex\">\n<div class=\"wp-block-column is-layout-flow wp-block-column-is-layout-flow\">\n<figure class=\"wp-block-image size-full\"><img loading=\"lazy\" decoding=\"async\" width=\"1024\" height=\"640\" src=\"https:\/\/mediation.eveha.fr\/wp-content\/uploads\/2025\/04\/Spernot4.jpg\" alt=\"\" class=\"wp-image-3614\" srcset=\"https:\/\/mediation.eveha.fr\/wp-content\/uploads\/2025\/04\/Spernot4.jpg 1024w, https:\/\/mediation.eveha.fr\/wp-content\/uploads\/2025\/04\/Spernot4-300x188.jpg 300w, https:\/\/mediation.eveha.fr\/wp-content\/uploads\/2025\/04\/Spernot4-768x480.jpg 768w\" sizes=\"auto, (max-width: 1024px) 100vw, 1024px\" \/><\/figure>\n<\/div>\n\n\n\n<div class=\"wp-block-column is-layout-flow wp-block-column-is-layout-flow\"><\/div>\n\n\n\n<div class=\"wp-block-column is-layout-flow wp-block-column-is-layout-flow\"><\/div>\n<\/div>\n","protected":false},"excerpt":{"rendered":"<p>Durant deux jours, plus de 130 visiteurs ont eu la chance de passer dans les coulisses du chantier de fouille du site du Spernot \u00e0 Brest (29) ! Petits et grands, de 7 \u00e0 77 ans (et plus !), ont pu \u00e9changer avec les arch\u00e9ologues en plein travail et satisfaire leur curiosit\u00e9. Vestiges, m\u00e9thodes de [&hellip;]<\/p>\n","protected":false},"author":5,"featured_media":3620,"comment_status":"open","ping_status":"open","sticky":false,"template":"","format":"standard","meta":{"_crdt_document":"","inline_featured_image":false,"footnotes":""},"categories":[20,1,3],"tags":[],"class_list":["post-3604","post","type-post","status-publish","format-standard","has-post-thumbnail","hentry","category-animation","category-portesouvertes","category-scol"],"_links":{"self":[{"href":"https:\/\/mediation.eveha.fr\/index.php\/wp-json\/wp\/v2\/posts\/3604","targetHints":{"allow":["GET"]}}],"collection":[{"href":"https:\/\/mediation.eveha.fr\/index.php\/wp-json\/wp\/v2\/posts"}],"about":[{"href":"https:\/\/mediation.eveha.fr\/index.php\/wp-json\/wp\/v2\/types\/post"}],"author":[{"embeddable":true,"href":"https:\/\/mediation.eveha.fr\/index.php\/wp-json\/wp\/v2\/users\/5"}],"replies":[{"embeddable":true,"href":"https:\/\/mediation.eveha.fr\/index.php\/wp-json\/wp\/v2\/comments?post=3604"}],"version-history":[{"count":1,"href":"https:\/\/mediation.eveha.fr\/index.php\/wp-json\/wp\/v2\/posts\/3604\/revisions"}],"predecessor-version":[{"id":3615,"href":"https:\/\/mediation.eveha.fr\/index.php\/wp-json\/wp\/v2\/posts\/3604\/revisions\/3615"}],"wp:featuredmedia":[{"embeddable":true,"href":"https:\/\/mediation.eveha.fr\/index.php\/wp-json\/wp\/v2\/media\/3620"}],"wp:attachment":[{"href":"https:\/\/mediation.eveha.fr\/index.php\/wp-json\/wp\/v2\/media?parent=3604"}],"wp:term":[{"taxonomy":"category","embeddable":true,"href":"https:\/\/mediation.eveha.fr\/index.php\/wp-json\/wp\/v2\/categories?post=3604"},{"taxonomy":"post_tag","embeddable":true,"href":"https:\/\/mediation.eveha.fr\/index.php\/wp-json\/wp\/v2\/tags?post=3604"}],"curies":[{"name":"wp","href":"https:\/\/api.w.org\/{rel}","templated":true}]}}