{"id":3483,"date":"2024-12-03T10:11:12","date_gmt":"2024-12-03T09:11:12","guid":{"rendered":"https:\/\/mediation.eveha.fr\/?p=3483"},"modified":"2024-12-06T10:53:26","modified_gmt":"2024-12-06T09:53:26","slug":"forums-des-etudiants-2024","status":"publish","type":"post","link":"https:\/\/mediation.eveha.fr\/index.php\/forums-des-etudiants-2024\/","title":{"rendered":"Forums des \u00c9tudiants 2024"},"content":{"rendered":"\n<h3 class=\"wp-block-heading\"><strong>\u00c9veha \u00e0 la rencontre des \u00e9tudiants : forums et \u00e9changes enrichissants !<\/strong><\/h3>\n\n\n\n<p class=\"wp-block-paragraph\">R\u00e9cemment, deux de nos agences ont eu l&rsquo;opportunit\u00e9 de repr\u00e9senter \u00c9veha et ses m\u00e9tiers lors de forums \u00e9tudiants, permettant ainsi \u00e0 de jeunes talents de d\u00e9couvrir l&rsquo;univers de l&rsquo;arch\u00e9ologie et ses multiples facettes. Chez \u00c9veha, nous sommes fiers d\u2019avoir contribu\u00e9 \u00e0 ces \u00e9v\u00e8nements, en partageant notre expertise et en soutenant les jeunes dans leurs projets professionnels !<\/p>\n\n\n\n<h4 class=\"wp-block-heading has-medium-font-size\"><strong>\u00c0 Toulouse : \u00ab\u00a0La t\u00eate de l&#8217;emploi\u00a0\u00bb \u00e0 l\u2019Universit\u00e9 Jean Jaur\u00e8s<\/strong><\/h4>\n\n\n\n<p class=\"wp-block-paragraph\">Lors du forum <em>\u00ab\u00a0La t\u00eate de l&#8217;emploi\u00a0\u00bb<\/em>, organis\u00e9 par le Scuio-IP \u00e0 l\u2019Universit\u00e9 Jean Jaur\u00e8s, nos \u00e9quipes ont eu la chance de rencontrer de nombreux \u00e9tudiants, curieux de conna\u00eetre les m\u00e9tiers d\u2019\u00c9veha. Cet \u00e9v\u00e8nement a permis aux participants de b\u00e9n\u00e9ficier d\u2019\u00e9changes privil\u00e9gi\u00e9s avec des professionnels venus partager leurs exp\u00e9riences et leurs conseils.<\/p>\n\n\n\n<p class=\"wp-block-paragraph\">Ce fut l&rsquo;occasion parfaite pour les \u00e9tudiants d&rsquo;\u00e9largir leur r\u00e9seau, un atout ind\u00e9niable pour leur avenir professionnel. Gr\u00e2ce \u00e0 ces moments d\u2019\u00e9change, les \u00e9tudiants ont pu poser leurs questions, en apprendre davantage sur les m\u00e9tiers de l\u2019arch\u00e9ologie et comprendre les diff\u00e9rentes opportunit\u00e9s offertes par notre secteur. Un v\u00e9ritable tremplin pour les jeunes en qu\u00eate de stage ou d\u2019emploi !<\/p>\n\n\n\n<div class=\"wp-block-columns is-layout-flex wp-container-core-columns-is-layout-b91472e3 wp-block-columns-is-layout-flex\">\n<div class=\"wp-block-column is-layout-flow wp-block-column-is-layout-flow\">\n<figure class=\"wp-block-image size-full\"><img loading=\"lazy\" decoding=\"async\" width=\"1024\" height=\"461\" src=\"https:\/\/mediation.eveha.fr\/wp-content\/uploads\/2024\/12\/2024-La-tete-de-l_emploi-toulouse-univ-jean-jaures2.jpg.resized.jpg\" alt=\"\" class=\"wp-image-3484\" srcset=\"https:\/\/mediation.eveha.fr\/wp-content\/uploads\/2024\/12\/2024-La-tete-de-l_emploi-toulouse-univ-jean-jaures2.jpg.resized.jpg 1024w, https:\/\/mediation.eveha.fr\/wp-content\/uploads\/2024\/12\/2024-La-tete-de-l_emploi-toulouse-univ-jean-jaures2.jpg.resized-300x135.jpg 300w, https:\/\/mediation.eveha.fr\/wp-content\/uploads\/2024\/12\/2024-La-tete-de-l_emploi-toulouse-univ-jean-jaures2.jpg.resized-768x346.jpg 768w\" sizes=\"auto, (max-width: 1024px) 100vw, 1024px\" \/><\/figure>\n<\/div>\n\n\n\n<div class=\"wp-block-column is-layout-flow wp-block-column-is-layout-flow\">\n<figure class=\"wp-block-image size-full\"><img loading=\"lazy\" decoding=\"async\" width=\"1024\" height=\"461\" src=\"https:\/\/mediation.eveha.fr\/wp-content\/uploads\/2024\/12\/2024-La-tete-de-l_emploi-toulouse-univ-jean-jaures.resized.jpg\" alt=\"\" class=\"wp-image-3485\" srcset=\"https:\/\/mediation.eveha.fr\/wp-content\/uploads\/2024\/12\/2024-La-tete-de-l_emploi-toulouse-univ-jean-jaures.resized.jpg 1024w, https:\/\/mediation.eveha.fr\/wp-content\/uploads\/2024\/12\/2024-La-tete-de-l_emploi-toulouse-univ-jean-jaures.resized-300x135.jpg 300w, https:\/\/mediation.eveha.fr\/wp-content\/uploads\/2024\/12\/2024-La-tete-de-l_emploi-toulouse-univ-jean-jaures.resized-768x346.jpg 768w\" sizes=\"auto, (max-width: 1024px) 100vw, 1024px\" \/><\/figure>\n<\/div>\n<\/div>\n\n\n\n<h4 class=\"wp-block-heading has-medium-font-size\"><strong>\u00c0 Lille : La table ronde des m\u00e9tiers de l&rsquo;arch\u00e9ologie<\/strong><\/h4>\n\n\n\n<p class=\"wp-block-paragraph\">Nous avons \u00e9t\u00e9 invit\u00e9s pour la 4e ann\u00e9e cons\u00e9cutive \u00e0 participer \u00e0 la table ronde des m\u00e9tiers de l\u2019arch\u00e9ologie, un \u00e9v\u00e8nement incontournable organis\u00e9 par l\u2019Universit\u00e9 de Lille, en collaboration avec les op\u00e9rateurs r\u00e9gionaux et le service r\u00e9gional de l\u2019Arch\u00e9ologie. Lors de cette journ\u00e9e, les professionnels de l&rsquo;arch\u00e9ologie ont eu l\u2019occasion de pr\u00e9senter leurs structures et de r\u00e9pondre aux nombreuses questions des \u00e9tudiants et enseignants.<\/p>\n\n\n\n<p class=\"wp-block-paragraph\">La premi\u00e8re partie de la journ\u00e9e a \u00e9t\u00e9 d\u00e9di\u00e9e aux pr\u00e9sentations des diff\u00e9rents acteurs de la profession, tandis que l\u2019apr\u00e8s-midi a permis aux \u00e9tudiants de rencontrer les structures pr\u00e9sentes lors d&rsquo;un forum d\u00e9di\u00e9. Chaque \u00e9tablissement a eu l\u2019opportunit\u00e9 de recevoir des groupes d&rsquo;\u00e9tudiants en L3, M1, M2 d&rsquo;arch\u00e9ologie, ainsi qu&rsquo;en L2 Histoire de l&rsquo;Art.<\/p>\n\n\n\n<div class=\"wp-block-columns is-layout-flex wp-container-core-columns-is-layout-b91472e3 wp-block-columns-is-layout-flex\">\n<div class=\"wp-block-column is-layout-flow wp-block-column-is-layout-flow\">\n<figure class=\"wp-block-image size-large\"><img loading=\"lazy\" decoding=\"async\" width=\"1024\" height=\"683\" src=\"https:\/\/mediation.eveha.fr\/wp-content\/uploads\/2024\/12\/469179316_886453690360284_3268965543802651184_n-1024x683.jpg\" alt=\"\" class=\"wp-image-3486\" srcset=\"https:\/\/mediation.eveha.fr\/wp-content\/uploads\/2024\/12\/469179316_886453690360284_3268965543802651184_n-1024x683.jpg 1024w, https:\/\/mediation.eveha.fr\/wp-content\/uploads\/2024\/12\/469179316_886453690360284_3268965543802651184_n-300x200.jpg 300w, https:\/\/mediation.eveha.fr\/wp-content\/uploads\/2024\/12\/469179316_886453690360284_3268965543802651184_n-768x512.jpg 768w, https:\/\/mediation.eveha.fr\/wp-content\/uploads\/2024\/12\/469179316_886453690360284_3268965543802651184_n-1536x1024.jpg 1536w, https:\/\/mediation.eveha.fr\/wp-content\/uploads\/2024\/12\/469179316_886453690360284_3268965543802651184_n.jpg 2048w\" sizes=\"auto, (max-width: 1024px) 100vw, 1024px\" \/><\/figure>\n<\/div>\n\n\n\n<div class=\"wp-block-column is-layout-flow wp-block-column-is-layout-flow\">\n<figure class=\"wp-block-image size-full\"><img loading=\"lazy\" decoding=\"async\" width=\"593\" height=\"395\" src=\"https:\/\/mediation.eveha.fr\/wp-content\/uploads\/2024\/12\/469268970_886453870360266_1724000326144887960_n.jpg\" alt=\"\" class=\"wp-image-3487\" srcset=\"https:\/\/mediation.eveha.fr\/wp-content\/uploads\/2024\/12\/469268970_886453870360266_1724000326144887960_n.jpg 593w, https:\/\/mediation.eveha.fr\/wp-content\/uploads\/2024\/12\/469268970_886453870360266_1724000326144887960_n-300x200.jpg 300w\" sizes=\"auto, (max-width: 593px) 100vw, 593px\" \/><\/figure>\n<\/div>\n<\/div>\n\n\n\n<p class=\"wp-block-paragraph\"><strong>Nous remercions tous les \u00e9tudiants pour leur enthousiasme et leur curiosit\u00e9, et nous sommes impatients de continuer \u00e0 \u00e9changer avec eux lors de futurs \u00e9v\u00e8nements !<\/strong><\/p>\n\n\n\n<p class=\"wp-block-paragraph\"><\/p>\n","protected":false},"excerpt":{"rendered":"<p>\u00c9veha \u00e0 la rencontre des \u00e9tudiants : forums et \u00e9changes enrichissants ! R\u00e9cemment, deux de nos agences ont eu l&rsquo;opportunit\u00e9 de repr\u00e9senter \u00c9veha et ses m\u00e9tiers lors de forums \u00e9tudiants, permettant ainsi \u00e0 de jeunes talents de d\u00e9couvrir l&rsquo;univers de l&rsquo;arch\u00e9ologie et ses multiples facettes. Chez \u00c9veha, nous sommes fiers d\u2019avoir contribu\u00e9 \u00e0 ces \u00e9v\u00e8nements, [&hellip;]<\/p>\n","protected":false},"author":5,"featured_media":3490,"comment_status":"open","ping_status":"open","sticky":false,"template":"","format":"standard","meta":{"_crdt_document":"","inline_featured_image":false,"footnotes":""},"categories":[13,18,1],"tags":[],"class_list":["post-3483","post","type-post","status-publish","format-standard","has-post-thumbnail","hentry","category-exposition","category-formation","category-portesouvertes"],"_links":{"self":[{"href":"https:\/\/mediation.eveha.fr\/index.php\/wp-json\/wp\/v2\/posts\/3483","targetHints":{"allow":["GET"]}}],"collection":[{"href":"https:\/\/mediation.eveha.fr\/index.php\/wp-json\/wp\/v2\/posts"}],"about":[{"href":"https:\/\/mediation.eveha.fr\/index.php\/wp-json\/wp\/v2\/types\/post"}],"author":[{"embeddable":true,"href":"https:\/\/mediation.eveha.fr\/index.php\/wp-json\/wp\/v2\/users\/5"}],"replies":[{"embeddable":true,"href":"https:\/\/mediation.eveha.fr\/index.php\/wp-json\/wp\/v2\/comments?post=3483"}],"version-history":[{"count":1,"href":"https:\/\/mediation.eveha.fr\/index.php\/wp-json\/wp\/v2\/posts\/3483\/revisions"}],"predecessor-version":[{"id":3489,"href":"https:\/\/mediation.eveha.fr\/index.php\/wp-json\/wp\/v2\/posts\/3483\/revisions\/3489"}],"wp:featuredmedia":[{"embeddable":true,"href":"https:\/\/mediation.eveha.fr\/index.php\/wp-json\/wp\/v2\/media\/3490"}],"wp:attachment":[{"href":"https:\/\/mediation.eveha.fr\/index.php\/wp-json\/wp\/v2\/media?parent=3483"}],"wp:term":[{"taxonomy":"category","embeddable":true,"href":"https:\/\/mediation.eveha.fr\/index.php\/wp-json\/wp\/v2\/categories?post=3483"},{"taxonomy":"post_tag","embeddable":true,"href":"https:\/\/mediation.eveha.fr\/index.php\/wp-json\/wp\/v2\/tags?post=3483"}],"curies":[{"name":"wp","href":"https:\/\/api.w.org\/{rel}","templated":true}]}}