{"id":3405,"date":"2024-10-15T12:01:19","date_gmt":"2024-10-15T10:01:19","guid":{"rendered":"https:\/\/mediation.eveha.fr\/?p=3405"},"modified":"2024-10-15T12:14:46","modified_gmt":"2024-10-15T10:14:46","slug":"projet-pitcher-a-paris","status":"publish","type":"post","link":"https:\/\/mediation.eveha.fr\/index.php\/projet-pitcher-a-paris\/","title":{"rendered":"Projet PITCHER \u00e0 Paris"},"content":{"rendered":"\n<p class=\"wp-block-paragraph\">Le 2 octobre dernier \u00e0 l&rsquo;Institut National de l&rsquo;Histoire de l&rsquo;Art, plus de 150 personnes &#8211;<strong> acteurs de la culture, de la protection du patrimoine, enseignants, p\u00e9dagogues et m\u00e9diateurs culturels <\/strong>&#8211; se sont retrouv\u00e9s \u00e0 l&rsquo;occasion de la pr\u00e9sentation des r\u00e9sultats du projet europ\u00e9en <strong>PITCHER<\/strong>. <\/p>\n\n\n\n<p class=\"wp-block-paragraph\">Cet \u00e9v\u00e9nement  co-organis\u00e9 par <a href=\"https:\/\/www.bibracte.fr\/\" target=\"_blank\" rel=\"noreferrer noopener\"><strong><u>BIBRACTE<\/u><\/strong><\/a> et <a href=\"https:\/\/michael-culture.eu\/\" target=\"_blank\" rel=\"noreferrer noopener\"><strong><u>MICHAEL CULTURE ASSOCIATION<\/u><\/strong><\/a> en partenariat avec l&rsquo;<a href=\"https:\/\/www.inha.fr\/fr\/index.html\" target=\"_blank\" rel=\"noreferrer noopener\"><strong><u>Institut national d&rsquo;histoire de l&rsquo;art<\/u><\/strong><\/a> (INHA) et la participation des partenaires du projet a permis de faire un \u00e9tat des lieux des ressources \u00e9ducatives libres (REL) sous divers formats : \u00e9tudes de cas, jeux interactifs, vid\u00e9os, etc. afin de sensibiliser les plus jeunes <strong>\u00e0 la protection du patrimoine, et particuli\u00e8rement au pillage et au trafic illicite des biens culturels<\/strong>. Dans ce cadre, enseignants, m\u00e9diateurs, professionnels du patrimoine, experts europ\u00e9ens et d\u00e9cideurs politiques, sont donc venus \u00e9changer avec les diff\u00e9rents partenaires europ\u00e9ens du projet sur les moyens d&rsquo;impliquer les jeunes g\u00e9n\u00e9rations dans ce combat.&nbsp;<\/p>\n\n\n\n<p class=\"wp-block-paragraph\" id=\"viewer-sjt4x19596\">Au cours de ses trois ann\u00e9es d&rsquo;activit\u00e9, <strong>le projet PITCHER<\/strong> financ\u00e9 dans le cadre du programme <strong>Erasmus+<\/strong>,  a contribu\u00e9 \u00e9galement au plan d&rsquo;action de l&rsquo;Union Europ\u00e9enne contre le trafic de biens culturels ainsi qu&rsquo;\u00e0 l&rsquo;\u00e9mission de recommandations \u00e0 l&rsquo;intention des d\u00e9cideurs politiques en mati\u00e8re d&rsquo;\u00e9ducation et de culture \u00e0 l\u2019\u00e9chelle locale et plus largement europ\u00e9enne. <\/p>\n\n\n\n<div class=\"wp-block-columns is-layout-flex wp-container-core-columns-is-layout-b91472e3 wp-block-columns-is-layout-flex\">\n<div class=\"wp-block-column is-layout-flow wp-block-column-is-layout-flow\">\n<figure class=\"wp-block-image size-medium\"><img loading=\"lazy\" decoding=\"async\" width=\"300\" height=\"225\" src=\"https:\/\/mediation.eveha.fr\/wp-content\/uploads\/2024\/10\/694c76_71d05989a1be453499b1950169cc29d2mv2.resized-300x225.webp\" alt=\"\" class=\"wp-image-3406\" srcset=\"https:\/\/mediation.eveha.fr\/wp-content\/uploads\/2024\/10\/694c76_71d05989a1be453499b1950169cc29d2mv2.resized-300x225.webp 300w, https:\/\/mediation.eveha.fr\/wp-content\/uploads\/2024\/10\/694c76_71d05989a1be453499b1950169cc29d2mv2.resized-768x576.webp 768w, https:\/\/mediation.eveha.fr\/wp-content\/uploads\/2024\/10\/694c76_71d05989a1be453499b1950169cc29d2mv2.resized.webp 1024w\" sizes=\"auto, (max-width: 300px) 100vw, 300px\" \/><\/figure>\n<\/div>\n\n\n\n<div class=\"wp-block-column is-layout-flow wp-block-column-is-layout-flow\">\n<figure class=\"wp-block-image size-medium\"><img loading=\"lazy\" decoding=\"async\" width=\"300\" height=\"225\" src=\"https:\/\/mediation.eveha.fr\/wp-content\/uploads\/2024\/10\/694c76_ce06ab90a16944fda84a14f0d9e6eb00mv2.resized-300x225.webp\" alt=\"\" class=\"wp-image-3407\" srcset=\"https:\/\/mediation.eveha.fr\/wp-content\/uploads\/2024\/10\/694c76_ce06ab90a16944fda84a14f0d9e6eb00mv2.resized-300x225.webp 300w, https:\/\/mediation.eveha.fr\/wp-content\/uploads\/2024\/10\/694c76_ce06ab90a16944fda84a14f0d9e6eb00mv2.resized-768x575.webp 768w, https:\/\/mediation.eveha.fr\/wp-content\/uploads\/2024\/10\/694c76_ce06ab90a16944fda84a14f0d9e6eb00mv2.resized.webp 1024w\" sizes=\"auto, (max-width: 300px) 100vw, 300px\" \/><\/figure>\n<\/div>\n\n\n\n<div class=\"wp-block-column is-layout-flow wp-block-column-is-layout-flow\">\n<figure class=\"wp-block-image size-medium\"><img loading=\"lazy\" decoding=\"async\" width=\"300\" height=\"225\" src=\"https:\/\/mediation.eveha.fr\/wp-content\/uploads\/2024\/10\/694c76_d59c093f45d5417a8279e4ffb8ec5d6amv2.resized-300x225.webp\" alt=\"\" class=\"wp-image-3408\" srcset=\"https:\/\/mediation.eveha.fr\/wp-content\/uploads\/2024\/10\/694c76_d59c093f45d5417a8279e4ffb8ec5d6amv2.resized-300x225.webp 300w, https:\/\/mediation.eveha.fr\/wp-content\/uploads\/2024\/10\/694c76_d59c093f45d5417a8279e4ffb8ec5d6amv2.resized-768x577.webp 768w, https:\/\/mediation.eveha.fr\/wp-content\/uploads\/2024\/10\/694c76_d59c093f45d5417a8279e4ffb8ec5d6amv2.resized.webp 1022w\" sizes=\"auto, (max-width: 300px) 100vw, 300px\" \/><\/figure>\n<\/div>\n<\/div>\n\n\n\n<div class=\"wp-block-columns is-layout-flex wp-container-core-columns-is-layout-b91472e3 wp-block-columns-is-layout-flex\">\n<div class=\"wp-block-column is-layout-flow wp-block-column-is-layout-flow\"><\/div>\n\n\n\n<div class=\"wp-block-column is-layout-flow wp-block-column-is-layout-flow\"><\/div>\n\n\n\n<div class=\"wp-block-column is-layout-flow wp-block-column-is-layout-flow\"><\/div>\n<\/div>\n\n\n\n<p class=\"wp-block-paragraph\"><\/p>\n","protected":false},"excerpt":{"rendered":"<p>Le 2 octobre dernier \u00e0 l&rsquo;Institut National de l&rsquo;Histoire de l&rsquo;Art, plus de 150 personnes &#8211; acteurs de la culture, de la protection du patrimoine, enseignants, p\u00e9dagogues et m\u00e9diateurs culturels &#8211; se sont retrouv\u00e9s \u00e0 l&rsquo;occasion de la pr\u00e9sentation des r\u00e9sultats du projet europ\u00e9en PITCHER. Cet \u00e9v\u00e9nement co-organis\u00e9 par BIBRACTE et MICHAEL CULTURE ASSOCIATION en [&hellip;]<\/p>\n","protected":false},"author":5,"featured_media":3406,"comment_status":"open","ping_status":"open","sticky":false,"template":"","format":"standard","meta":{"_crdt_document":"","inline_featured_image":false,"footnotes":""},"categories":[1],"tags":[],"class_list":["post-3405","post","type-post","status-publish","format-standard","has-post-thumbnail","hentry","category-portesouvertes"],"_links":{"self":[{"href":"https:\/\/mediation.eveha.fr\/index.php\/wp-json\/wp\/v2\/posts\/3405","targetHints":{"allow":["GET"]}}],"collection":[{"href":"https:\/\/mediation.eveha.fr\/index.php\/wp-json\/wp\/v2\/posts"}],"about":[{"href":"https:\/\/mediation.eveha.fr\/index.php\/wp-json\/wp\/v2\/types\/post"}],"author":[{"embeddable":true,"href":"https:\/\/mediation.eveha.fr\/index.php\/wp-json\/wp\/v2\/users\/5"}],"replies":[{"embeddable":true,"href":"https:\/\/mediation.eveha.fr\/index.php\/wp-json\/wp\/v2\/comments?post=3405"}],"version-history":[{"count":2,"href":"https:\/\/mediation.eveha.fr\/index.php\/wp-json\/wp\/v2\/posts\/3405\/revisions"}],"predecessor-version":[{"id":3410,"href":"https:\/\/mediation.eveha.fr\/index.php\/wp-json\/wp\/v2\/posts\/3405\/revisions\/3410"}],"wp:featuredmedia":[{"embeddable":true,"href":"https:\/\/mediation.eveha.fr\/index.php\/wp-json\/wp\/v2\/media\/3406"}],"wp:attachment":[{"href":"https:\/\/mediation.eveha.fr\/index.php\/wp-json\/wp\/v2\/media?parent=3405"}],"wp:term":[{"taxonomy":"category","embeddable":true,"href":"https:\/\/mediation.eveha.fr\/index.php\/wp-json\/wp\/v2\/categories?post=3405"},{"taxonomy":"post_tag","embeddable":true,"href":"https:\/\/mediation.eveha.fr\/index.php\/wp-json\/wp\/v2\/tags?post=3405"}],"curies":[{"name":"wp","href":"https:\/\/api.w.org\/{rel}","templated":true}]}}