{"id":3162,"date":"2024-06-20T12:26:53","date_gmt":"2024-06-20T10:26:53","guid":{"rendered":"https:\/\/mediationdev.eveha.fr\/?p=3162"},"modified":"2024-10-15T12:26:17","modified_gmt":"2024-10-15T10:26:17","slug":"journees-europeennes-de-larcheologie-2024","status":"publish","type":"post","link":"https:\/\/mediation.eveha.fr\/index.php\/journees-europeennes-de-larcheologie-2024\/","title":{"rendered":"Journ\u00e9es europ\u00e9ennes de l\u2019Arch\u00e9ologie 2024"},"content":{"rendered":"\n<h4 class=\"wp-block-heading\">\u00c0 l\u2019occasion des Journ\u00e9es europ\u00e9ennes de l\u2019Arch\u00e9ologie, \u00c9veha se mobilise pour ouvrir ses chantiers, animer des ateliers ou encore pr\u00e9senter ses recherches lors de conf\u00e9rences.<\/h4>\n\n\n\n<p class=\"wp-block-paragraph\">Voici le programme !<\/p>\n\n\n\n<!--more-->\n\n\n\n<h5 class=\"wp-block-heading\">Auvergne-Rh\u00f4ne-Alpes<\/h5>\n\n\n\n<p class=\"wp-block-paragraph\"><strong>Riom (63) : <\/strong>En bordure de la place F\u00e9lix-P\u00e9rol, les recherches arch\u00e9ologiques pr\u00e9ventives men\u00e9es par \u00c9veha r\u00e9v\u00e8lent l\u2019histoire des premi\u00e8res activit\u00e9s de tannerie de ce quartier, sans doute pr\u00e9sentes d\u00e8s le 12e si\u00e8cle, tandis que l\u2019\u00e9tude arch\u00e9ologique des \u00e9l\u00e9vations t\u00e9moigne de la richesse patrimoniale du site.<\/p>\n\n\n\n<p class=\"wp-block-paragraph\"><em>Vendredi 14 juin (scolaires) et samedi 15 juin de 10h \u00e0 17h<\/em><\/p>\n\n\n\n<p class=\"wp-block-paragraph\"><strong>Lyon (69) :<\/strong> Pour les JEA, \u00c9veha est au mus\u00e9e Lugdunum (69) ! Aux c\u00f4t\u00e9s des autres acteurs de l\u2019arch\u00e9ologie, notre \u00e9quipe de m\u00e9diation y anime un atelier ludique autour des mobiliers arch\u00e9ologiques et de leur \u00e9tude.<\/p>\n\n\n\n<p class=\"wp-block-paragraph\"><em>Vendredi 14 juin (scolaires) et samedi 15 juin de 10h \u00e0 17h30<\/em><\/p>\n\n\n\n<h5 class=\"wp-block-heading\">Bourgogne-Franche-Comt\u00e9<\/h5>\n\n\n\n<p class=\"wp-block-paragraph\"><strong>Chateauneuf (21) : <\/strong>Les #JEArcheo sont l\u2019occasion de f\u00eater l\u2019ach\u00e8vement des travaux au ch\u00e2teau avec l\u2019inauguration d\u2019une exposition, mais aussi l\u2019animation d\u2019ateliers. On eput y retrouver la maquette du site, r\u00e9alis\u00e9e par \u00c9veha, v\u00e9ritable reproduction des d\u00e9couvertes arch\u00e9ologiques, et en devenir les arch\u00e9ologues le temps d\u2019un atelier !<\/p>\n\n\n\n<p class=\"wp-block-paragraph\"><em>Samedi 15 juin et dimanche 16 juin de 10h \u00e0 17h<\/em><\/p>\n\n\n\n<h5 class=\"wp-block-heading\">Nouvelle-Aquitaine<\/h5>\n\n\n\n<p class=\"wp-block-paragraph\"><strong>Bayonne<\/strong> (64) : Pour c\u00e9l\u00e9brer les JEA, la ville propose une conf\u00e9rence par Louise Biscarrat (\u00c9veha) pour d\u00e9couvrir les r\u00e9sultats des derni\u00e8res recherches arch\u00e9ologiques men\u00e9es en son sein ! La fouille, r\u00e9alis\u00e9e au 10 rue des Gouverneurs, nous a permis de r\u00e9v\u00e9ler l\u2019organisation d\u2019un \u00eelot d\u2019habitation de Bayonne de la fin du Moyen \u00c2ge \u00e0 l\u2019\u00e9poque contemporaine.<\/p>\n\n\n\n<p class=\"wp-block-paragraph\"><em>Samedi 15 juin \u00e0 11h<\/em><\/p>\n\n\n\n<p class=\"wp-block-paragraph\"><strong>Limoges (87) <\/strong>: Depuis plusieurs ann\u00e9es, le Projet Collectif de Recherche \u00ab du bois pour Limoges \u00bb regroupe des chercheurs de diff\u00e9rents horizons autour de la question des usages, des provenances et des impacts du bois utilis\u00e9 historiquement dans la ville de Limoges. Pour les JEA, \u00c9veha et la Ville de Limoges s\u2019assocent \u00e0 nouveau pour proposer des ateliers aux \u00e9l\u00e8ves autour du patrimoine b\u00e2ti du quartier de la Boucherie : quelle est son histoire ? Quelle lecture arch\u00e9ologique peut-on faire des fa\u00e7ades ?<\/p>\n\n\n\n<p class=\"wp-block-paragraph\"><em>Vendredi (scolaires)<\/em><\/p>\n\n\n\n<p class=\"wp-block-paragraph\"><strong>Saintes (17) :<\/strong> Dans cette ville, l\u2019arch\u00e9ologie est aussi bien pr\u00e9sente dans le sous-sol de la ville que dans le lit de son fleuve, la Charente ! \u00c0 l\u2019occasion des JEA, la ville inaugure une exposition destin\u00e9e \u00e0 immerger le public dans le chantier arch\u00e9ologique subaquatique des \u00e9paves gallo-romaines de Courbiac, fouill\u00e9es par l\u2019\u00e9quipe de Jonathan Letuppe (\u00c9veha, Ausonius) depuis 2010 ! Vous pouvez y d\u00e9couvrir les enjeux, outils et m\u00e9thodes, ainsi que les derni\u00e8res d\u00e9couvertes et, en exclusivit\u00e9, du mobilier renflou\u00e9 de la premi\u00e8re \u00e9pave.<\/p>\n\n\n\n<h5 class=\"wp-block-heading\">Bretagne<\/h5>\n\n\n\n<p class=\"wp-block-paragraph\"><strong>Saint-Aubin-du-Cormier (35)<\/strong> : Dans le cadre des JEA, \u00c9veha vous propose une visite arch\u00e9ologique du ch\u00e2teau de Saint-Aubin-du-Cormier (35) ! Les arch\u00e9ologues en charge des \u00e9tudes qui accompagnent le projet de mise en valeur et de s\u00e9curisation des ruines du ch\u00e2teau de Saint-Aubin-du-Cormier, port\u00e9 par le Conseil D\u00e9partemental d\u2019Ille-et-Vilaine, vous attendent samedi 15 juin !<\/p>\n\n\n\n<p class=\"wp-block-paragraph\"><em>Samedi 15 juin, 10h30 et 14h<\/em><\/p>\n\n\n\n<h5 class=\"wp-block-heading\">Occitanie<\/h5>\n\n\n\n<p class=\"wp-block-paragraph\"><strong>Toulouse (31) :<\/strong> Chaque ann\u00e9e, les JEA sont l\u2019occasion de rassembler les acteurs locaux des m\u00e9tiers de l\u2019arch\u00e9ologie au mus\u00e9e Saint-Raymond \u00e0 Toulouse (31). Vous pouvez nous y retrouver, ainsi que bien d\u2019autres, autour d\u2019activit\u00e9s originales et interactives pour faire d\u00e9couvrir cette discipline au grand public !<\/p>\n\n\n\n<p class=\"wp-block-paragraph\"><em>Samedi 15 juin de 10h \u00e0 18h<\/em><\/p>\n\n\n\n<div style=\"height:50px\" aria-hidden=\"true\" class=\"wp-block-spacer\"><\/div>\n\n\n\n<div class=\"wp-block-columns is-layout-flex wp-container-core-columns-is-layout-7ed3604e wp-block-columns-is-layout-flex\" style=\"margin-top:0;margin-bottom:0;padding-top:0;padding-right:0;padding-bottom:0;padding-left:0\">\n<div class=\"wp-block-column is-layout-flow wp-block-column-is-layout-flow\">\n<figure class=\"wp-block-image\"><img decoding=\"async\" src=\"https:\/\/www.eveha.fr\/wp-content\/uploads\/2024\/06\/2024-06-04-JEA-Bandeau-Toulouse-1024x768.jpg\" alt=\"\" class=\"wp-image-6238\"\/><\/figure>\n<\/div>\n\n\n\n<div class=\"wp-block-column is-layout-flow wp-block-column-is-layout-flow\">\n<figure class=\"wp-block-image\"><img decoding=\"async\" src=\"https:\/\/www.eveha.fr\/wp-content\/uploads\/2024\/06\/2024-06-04-JEA-Bandeau-Saintes-1024x768.jpg\" alt=\"\" class=\"wp-image-6240\"\/><\/figure>\n<\/div>\n\n\n\n<div class=\"wp-block-column is-layout-flow wp-block-column-is-layout-flow\">\n<figure class=\"wp-block-image\"><img decoding=\"async\" src=\"https:\/\/www.eveha.fr\/wp-content\/uploads\/2024\/06\/2024-06-04-JEA-Bandeau-Saint-Aubin-1024x768.jpg\" alt=\"\" class=\"wp-image-6243\"\/><\/figure>\n<\/div>\n<\/div>\n\n\n\n<div class=\"wp-block-columns is-layout-flex wp-container-core-columns-is-layout-7ed3604e wp-block-columns-is-layout-flex\" style=\"margin-top:0;margin-bottom:0;padding-top:0;padding-right:0;padding-bottom:0;padding-left:0\">\n<div class=\"wp-block-column is-layout-flow wp-block-column-is-layout-flow\">\n<figure class=\"wp-block-image\"><img decoding=\"async\" src=\"https:\/\/www.eveha.fr\/wp-content\/uploads\/2024\/06\/2024-06-04-JEA-Bandeau-Riom-1024x768.jpg\" alt=\"\" class=\"wp-image-6241\"\/><\/figure>\n<\/div>\n\n\n\n<div class=\"wp-block-column is-layout-flow wp-block-column-is-layout-flow\">\n<figure class=\"wp-block-image\"><img decoding=\"async\" src=\"https:\/\/www.eveha.fr\/wp-content\/uploads\/2024\/06\/2024-06-04-JEA-Bandeau-Lyon-1024x768.jpg\" alt=\"\" class=\"wp-image-6239\"\/><\/figure>\n<\/div>\n\n\n\n<div class=\"wp-block-column is-layout-flow wp-block-column-is-layout-flow\">\n<figure class=\"wp-block-image\"><img decoding=\"async\" src=\"https:\/\/www.eveha.fr\/wp-content\/uploads\/2024\/06\/2024-06-04-JEA-Bandeau-Limoges-1024x768.jpg\" alt=\"\" class=\"wp-image-6242\"\/><\/figure>\n<\/div>\n<\/div>\n\n\n\n<div class=\"wp-block-columns is-layout-flex wp-container-core-columns-is-layout-7ed3604e wp-block-columns-is-layout-flex\" style=\"margin-top:0;margin-bottom:0;padding-top:0;padding-right:0;padding-bottom:0;padding-left:0\">\n<div class=\"wp-block-column is-layout-flow wp-block-column-is-layout-flow\">\n<figure class=\"wp-block-image\"><img decoding=\"async\" src=\"https:\/\/www.eveha.fr\/wp-content\/uploads\/2024\/06\/2024-06-04-JEA-Bandeau-Chateauneuf-1024x768.jpg\" alt=\"\" class=\"wp-image-6244\"\/><\/figure>\n<\/div>\n\n\n\n<div class=\"wp-block-column is-layout-flow wp-block-column-is-layout-flow\">\n<figure class=\"wp-block-image\"><img decoding=\"async\" src=\"https:\/\/www.eveha.fr\/wp-content\/uploads\/2024\/06\/2024-06-04-JEA-Bandeau-Bayonne-1024x768.jpg\" alt=\"\" class=\"wp-image-6245\"\/><\/figure>\n<\/div>\n<\/div>\n\n\n\n<p class=\"wp-block-paragraph\"><\/p>\n","protected":false},"excerpt":{"rendered":"<p>\u00c0 l\u2019occasion des Journ\u00e9es europ\u00e9ennes de l\u2019Arch\u00e9ologie, \u00c9veha se mobilise pour ouvrir ses chantiers, animer des ateliers ou encore pr\u00e9senter ses recherches lors de conf\u00e9rences. Voici le programme !<\/p>\n","protected":false},"author":6,"featured_media":3187,"comment_status":"open","ping_status":"open","sticky":false,"template":"","format":"standard","meta":{"_crdt_document":"","inline_featured_image":false,"footnotes":""},"categories":[20,13,1,3],"tags":[],"class_list":["post-3162","post","type-post","status-publish","format-standard","has-post-thumbnail","hentry","category-animation","category-exposition","category-portesouvertes","category-scol"],"_links":{"self":[{"href":"https:\/\/mediation.eveha.fr\/index.php\/wp-json\/wp\/v2\/posts\/3162","targetHints":{"allow":["GET"]}}],"collection":[{"href":"https:\/\/mediation.eveha.fr\/index.php\/wp-json\/wp\/v2\/posts"}],"about":[{"href":"https:\/\/mediation.eveha.fr\/index.php\/wp-json\/wp\/v2\/types\/post"}],"author":[{"embeddable":true,"href":"https:\/\/mediation.eveha.fr\/index.php\/wp-json\/wp\/v2\/users\/6"}],"replies":[{"embeddable":true,"href":"https:\/\/mediation.eveha.fr\/index.php\/wp-json\/wp\/v2\/comments?post=3162"}],"version-history":[{"count":10,"href":"https:\/\/mediation.eveha.fr\/index.php\/wp-json\/wp\/v2\/posts\/3162\/revisions"}],"predecessor-version":[{"id":3197,"href":"https:\/\/mediation.eveha.fr\/index.php\/wp-json\/wp\/v2\/posts\/3162\/revisions\/3197"}],"wp:featuredmedia":[{"embeddable":true,"href":"https:\/\/mediation.eveha.fr\/index.php\/wp-json\/wp\/v2\/media\/3187"}],"wp:attachment":[{"href":"https:\/\/mediation.eveha.fr\/index.php\/wp-json\/wp\/v2\/media?parent=3162"}],"wp:term":[{"taxonomy":"category","embeddable":true,"href":"https:\/\/mediation.eveha.fr\/index.php\/wp-json\/wp\/v2\/categories?post=3162"},{"taxonomy":"post_tag","embeddable":true,"href":"https:\/\/mediation.eveha.fr\/index.php\/wp-json\/wp\/v2\/tags?post=3162"}],"curies":[{"name":"wp","href":"https:\/\/api.w.org\/{rel}","templated":true}]}}