{"id":2807,"date":"2024-04-12T16:56:15","date_gmt":"2024-04-12T14:56:15","guid":{"rendered":"https:\/\/mediationdev.eveha.fr\/?p=2807"},"modified":"2024-10-15T12:41:42","modified_gmt":"2024-10-15T10:41:42","slug":"des-cm-a-dax","status":"publish","type":"post","link":"https:\/\/mediation.eveha.fr\/index.php\/des-cm-a-dax\/","title":{"rendered":"Des CM \u00e0 Dax"},"content":{"rendered":"\n<h4 class=\"wp-block-heading has-large-font-size\"><strong>Les \u00e9l\u00e8ves de l&rsquo;\u00e9cole Sully d\u00e9couvrent les fouilles men\u00e9es \u00e0 c\u00f4t\u00e9 de leur \u00e9cole.<\/strong><\/h4>\n\n\n\n<p class=\"wp-block-paragraph\">Les fouilles arch\u00e9ologiques men\u00e9es Boulevard Saint-Pierre r\u00e9v\u00e8lent depuis plusieurs mois les vestiges d&rsquo;une occupation antique situ\u00e9e en bordure de l&rsquo;agglom\u00e9ration. \u00c0 l&rsquo;occasion d&rsquo;un apr\u00e8s-midi ensoleill\u00e9, les classes de CM de l&rsquo;\u00e9cole Sully ont pu d\u00e9couvrir les vestiges arch\u00e9ologiques, se familiariser avec les outils de fouille et manipuler du mobilier arch\u00e9ologique issu de la malette p\u00e9dagogique.<\/p>\n\n\n\n<p class=\"wp-block-paragraph\">En fin de journ\u00e9e, une classe de latinistes du lyc\u00e9e est \u00e9galement venue : les \u00e9l\u00e8ves d\u00e9bordaient de curiosit\u00e9 pour les vestiges, mais aussi les m\u00e9tiers, les recherches, etc.<\/p>\n\n\n\n<figure class=\"wp-block-gallery has-nested-images columns-default is-cropped wp-block-gallery-1 is-layout-flex wp-block-gallery-is-layout-flex\">\n<figure class=\"wp-block-image size-full has-custom-border\"><img loading=\"lazy\" decoding=\"async\" width=\"1280\" height=\"725\" data-id=\"2811\" src=\"https:\/\/mediation.eveha.fr\/wp-content\/uploads\/2024\/04\/scolaires_dax2.resized.jpg\" alt=\"\" class=\"wp-image-2811\" style=\"border-style:none;border-width:0px\"\/><\/figure>\n\n\n\n<figure class=\"wp-block-image size-full\"><img loading=\"lazy\" decoding=\"async\" width=\"1280\" height=\"720\" data-id=\"2812\" src=\"https:\/\/mediation.eveha.fr\/wp-content\/uploads\/2024\/04\/scolaires_dax.resized.jpg\" alt=\"\" class=\"wp-image-2812\"\/><\/figure>\n\n\n\n<figure class=\"wp-block-image size-full\"><img loading=\"lazy\" decoding=\"async\" width=\"1280\" height=\"725\" data-id=\"2811\" src=\"https:\/\/mediation.eveha.fr\/wp-content\/uploads\/2024\/04\/scolaires_dax2.resized.jpg\" alt=\"\" class=\"wp-image-2811\"\/><\/figure>\n<\/figure>\n\n\n\n<p class=\"wp-block-paragraph\"><\/p>\n","protected":false},"excerpt":{"rendered":"<p>Les \u00e9l\u00e8ves de l&rsquo;\u00e9cole Sully d\u00e9couvrent les fouilles men\u00e9es \u00e0 c\u00f4t\u00e9 de leur \u00e9cole. Les fouilles arch\u00e9ologiques men\u00e9es Boulevard Saint-Pierre r\u00e9v\u00e8lent depuis plusieurs mois les vestiges d&rsquo;une occupation antique situ\u00e9e en bordure de l&rsquo;agglom\u00e9ration. \u00c0 l&rsquo;occasion d&rsquo;un apr\u00e8s-midi ensoleill\u00e9, les classes de CM de l&rsquo;\u00e9cole Sully ont pu d\u00e9couvrir les vestiges arch\u00e9ologiques, se familiariser avec [&hellip;]<\/p>\n","protected":false},"author":6,"featured_media":2814,"comment_status":"open","ping_status":"open","sticky":false,"template":"","format":"standard","meta":{"_crdt_document":"","inline_featured_image":false,"footnotes":""},"categories":[1,3],"tags":[],"class_list":["post-2807","post","type-post","status-publish","format-standard","has-post-thumbnail","hentry","category-portesouvertes","category-scol"],"_links":{"self":[{"href":"https:\/\/mediation.eveha.fr\/index.php\/wp-json\/wp\/v2\/posts\/2807","targetHints":{"allow":["GET"]}}],"collection":[{"href":"https:\/\/mediation.eveha.fr\/index.php\/wp-json\/wp\/v2\/posts"}],"about":[{"href":"https:\/\/mediation.eveha.fr\/index.php\/wp-json\/wp\/v2\/types\/post"}],"author":[{"embeddable":true,"href":"https:\/\/mediation.eveha.fr\/index.php\/wp-json\/wp\/v2\/users\/6"}],"replies":[{"embeddable":true,"href":"https:\/\/mediation.eveha.fr\/index.php\/wp-json\/wp\/v2\/comments?post=2807"}],"version-history":[{"count":4,"href":"https:\/\/mediation.eveha.fr\/index.php\/wp-json\/wp\/v2\/posts\/2807\/revisions"}],"predecessor-version":[{"id":3426,"href":"https:\/\/mediation.eveha.fr\/index.php\/wp-json\/wp\/v2\/posts\/2807\/revisions\/3426"}],"wp:featuredmedia":[{"embeddable":true,"href":"https:\/\/mediation.eveha.fr\/index.php\/wp-json\/wp\/v2\/media\/2814"}],"wp:attachment":[{"href":"https:\/\/mediation.eveha.fr\/index.php\/wp-json\/wp\/v2\/media?parent=2807"}],"wp:term":[{"taxonomy":"category","embeddable":true,"href":"https:\/\/mediation.eveha.fr\/index.php\/wp-json\/wp\/v2\/categories?post=2807"},{"taxonomy":"post_tag","embeddable":true,"href":"https:\/\/mediation.eveha.fr\/index.php\/wp-json\/wp\/v2\/tags?post=2807"}],"curies":[{"name":"wp","href":"https:\/\/api.w.org\/{rel}","templated":true}]}}