{"id":1590,"date":"2024-02-22T14:59:09","date_gmt":"2024-02-22T13:59:09","guid":{"rendered":"https:\/\/mediationdev.eveha.fr\/?p=1590"},"modified":"2024-10-15T12:53:50","modified_gmt":"2024-10-15T10:53:50","slug":"dax-des-panneaux-pour-expliquer-les-fouilles-en-cours","status":"publish","type":"post","link":"https:\/\/mediation.eveha.fr\/index.php\/dax-des-panneaux-pour-expliquer-les-fouilles-en-cours\/","title":{"rendered":"Coll\u00e8ge Beaupeyrat (87) &#8211; Du bois pour Limoges"},"content":{"rendered":"\n<h2 class=\"wp-block-heading has-x-large-font-size\"><strong><strong><strong><strong>Dans la peau d&rsquo;un dendrochronologue<\/strong><\/strong> <\/strong><\/strong><\/h2>\n\n\n\n<p class=\"wp-block-paragraph\"><strong>Cette animation p\u00e9dagogique a \u00e9t\u00e9 propos\u00e9e dans le cadre du programme collectif de recherche (PCR) lanc\u00e9 en 2020 autour de l&rsquo;origine du bois utilis\u00e9 \u00e0 Limoges du XVe au XIXe s<\/strong>&#8230; Par l&rsquo;observation du bois des maisons \u00e0 pan de bois, <strong>les coll\u00e9giens du Coll\u00e8ge Beaupeyrat<\/strong> ont ainsi pu d\u00e9couvrir une des facettes du m\u00e9tier d&rsquo;arch\u00e9ologue : <strong>la dendrochronologie !<\/strong><\/p>\n\n\n\n<p class=\"wp-block-paragraph\">Cette m\u00e9thode scientifique analyse la morphologie des anneaux de croissance des arbres (les cernes) afin d&rsquo;obtenir des datations tr\u00e8s pr\u00e9cises sur leur p\u00e9riode de vie (voire leur ann\u00e9e d&rsquo;abattage !) tout en reconstituant certains \u00e9v\u00e9nements ou changements climatiques et environnementaux avec pr\u00e9cision.<\/p>\n\n\n\n<div class=\"wp-block-columns is-layout-flex wp-container-core-columns-is-layout-b91472e3 wp-block-columns-is-layout-flex\">\n<div class=\"wp-block-column is-layout-flow wp-block-column-is-layout-flow\" style=\"flex-basis:50%\">\n<figure class=\"wp-block-image size-full\" style=\"margin-top:0;margin-right:0;margin-bottom:0;margin-left:0\"><img loading=\"lazy\" decoding=\"async\" width=\"4608\" height=\"3456\" src=\"https:\/\/mediation.eveha.fr\/wp-content\/uploads\/2024\/03\/dendro1.jpg\" alt=\"\" class=\"wp-image-2576\"\/><\/figure>\n<\/div>\n\n\n\n<div class=\"wp-block-column is-layout-flow wp-block-column-is-layout-flow\" style=\"flex-basis:50%\">\n<figure class=\"wp-block-image size-full\" style=\"margin-top:0;margin-right:0;margin-bottom:0;margin-left:0\"><img loading=\"lazy\" decoding=\"async\" width=\"2048\" height=\"1536\" src=\"https:\/\/mediation.eveha.fr\/wp-content\/uploads\/2024\/03\/dendro3-1.jpg\" alt=\"\" class=\"wp-image-2577\"\/><\/figure>\n<\/div>\n<\/div>\n","protected":false},"excerpt":{"rendered":"<p>Dans la peau d&rsquo;un dendrochronologue Cette animation p\u00e9dagogique a \u00e9t\u00e9 propos\u00e9e dans le cadre du programme collectif de recherche (PCR) lanc\u00e9 en 2020 autour de l&rsquo;origine du bois utilis\u00e9 \u00e0 Limoges du XVe au XIXe s&#8230; Par l&rsquo;observation du bois des maisons \u00e0 pan de bois, les coll\u00e9giens du Coll\u00e8ge Beaupeyrat ont ainsi pu d\u00e9couvrir [&hellip;]<\/p>\n","protected":false},"author":6,"featured_media":2767,"comment_status":"open","ping_status":"open","sticky":false,"template":"","format":"standard","meta":{"_crdt_document":"","inline_featured_image":false,"footnotes":""},"categories":[5],"tags":[23],"class_list":["post-1590","post","type-post","status-publish","format-standard","has-post-thumbnail","hentry","category-panneaux","tag-nouvelle-aquitaine"],"_links":{"self":[{"href":"https:\/\/mediation.eveha.fr\/index.php\/wp-json\/wp\/v2\/posts\/1590","targetHints":{"allow":["GET"]}}],"collection":[{"href":"https:\/\/mediation.eveha.fr\/index.php\/wp-json\/wp\/v2\/posts"}],"about":[{"href":"https:\/\/mediation.eveha.fr\/index.php\/wp-json\/wp\/v2\/types\/post"}],"author":[{"embeddable":true,"href":"https:\/\/mediation.eveha.fr\/index.php\/wp-json\/wp\/v2\/users\/6"}],"replies":[{"embeddable":true,"href":"https:\/\/mediation.eveha.fr\/index.php\/wp-json\/wp\/v2\/comments?post=1590"}],"version-history":[{"count":20,"href":"https:\/\/mediation.eveha.fr\/index.php\/wp-json\/wp\/v2\/posts\/1590\/revisions"}],"predecessor-version":[{"id":3445,"href":"https:\/\/mediation.eveha.fr\/index.php\/wp-json\/wp\/v2\/posts\/1590\/revisions\/3445"}],"wp:featuredmedia":[{"embeddable":true,"href":"https:\/\/mediation.eveha.fr\/index.php\/wp-json\/wp\/v2\/media\/2767"}],"wp:attachment":[{"href":"https:\/\/mediation.eveha.fr\/index.php\/wp-json\/wp\/v2\/media?parent=1590"}],"wp:term":[{"taxonomy":"category","embeddable":true,"href":"https:\/\/mediation.eveha.fr\/index.php\/wp-json\/wp\/v2\/categories?post=1590"},{"taxonomy":"post_tag","embeddable":true,"href":"https:\/\/mediation.eveha.fr\/index.php\/wp-json\/wp\/v2\/tags?post=1590"}],"curies":[{"name":"wp","href":"https:\/\/api.w.org\/{rel}","templated":true}]}}