{"id":1586,"date":"2024-04-01T14:58:07","date_gmt":"2024-04-01T12:58:07","guid":{"rendered":"https:\/\/mediationdev.eveha.fr\/?p=1586"},"modified":"2024-10-15T12:49:20","modified_gmt":"2024-10-15T10:49:20","slug":"une-exposition-en-bretagne","status":"publish","type":"post","link":"https:\/\/mediation.eveha.fr\/index.php\/une-exposition-en-bretagne\/","title":{"rendered":"Une exposition en Bretagne"},"content":{"rendered":"\n<p class=\"wp-block-paragraph\">Au terme des recherches arch\u00e9ologiques pr\u00e9ventives men\u00e9es sur le site de M\u00e9n\u00e9ac &#8211; L&rsquo;\u00c9pine Fort en 2020, la commune a souhait\u00e9 pouvoir offrir \u00e0 ses administr\u00e9s une pr\u00e9sentation des d\u00e9couvertes.<\/p>\n\n\n\n<p class=\"wp-block-paragraph\">Le service de m\u00e9diation d&rsquo;\u00c9veha a alors travaill\u00e9 \u00e0 la pr\u00e9sentation d&rsquo;une exposition temporaire doubl\u00e9e de la pr\u00e9sentation d&rsquo;une s\u00e9lection de mobiliers arch\u00e9ologiques, inaugur\u00e9es \u00e0 l&rsquo;occasion d&rsquo;une conf\u00e9rence grand public.<\/p>\n\n\n\n<p class=\"wp-block-paragraph\"> Durant plusieurs jours, des ateliers p\u00e9dagogiques alliant d\u00e9couverte de l&rsquo;exposition et jeux ludiques, sont venus rythmer cette exposition.<\/p>\n\n\n\n<figure class=\"wp-block-gallery has-nested-images columns-default is-cropped wp-block-gallery-1 is-layout-flex wp-block-gallery-is-layout-flex\">\n<figure class=\"wp-block-image size-full\"><img loading=\"lazy\" decoding=\"async\" width=\"1600\" height=\"1200\" data-id=\"1753\" src=\"https:\/\/mediation.eveha.fr\/wp-content\/uploads\/2024\/02\/meneac_atelier1.jpeg\" alt=\"\" class=\"wp-image-1753\"\/><\/figure>\n\n\n\n<figure class=\"wp-block-image size-full\"><img loading=\"lazy\" decoding=\"async\" width=\"2211\" height=\"1658\" data-id=\"1754\" src=\"https:\/\/mediation.eveha.fr\/wp-content\/uploads\/2024\/02\/meneac_atelier2.jpeg\" alt=\"\" class=\"wp-image-1754\"\/><\/figure>\n<\/figure>\n","protected":false},"excerpt":{"rendered":"<p>Au terme des recherches arch\u00e9ologiques pr\u00e9ventives men\u00e9es sur le site de M\u00e9n\u00e9ac &#8211; L&rsquo;\u00c9pine Fort en 2020, la commune a souhait\u00e9 pouvoir offrir \u00e0 ses administr\u00e9s une pr\u00e9sentation des d\u00e9couvertes. Le service de m\u00e9diation d&rsquo;\u00c9veha a alors travaill\u00e9 \u00e0 la pr\u00e9sentation d&rsquo;une exposition temporaire doubl\u00e9e de la pr\u00e9sentation d&rsquo;une s\u00e9lection de mobiliers arch\u00e9ologiques, inaugur\u00e9es \u00e0 [&hellip;]<\/p>\n","protected":false},"author":6,"featured_media":1753,"comment_status":"open","ping_status":"open","sticky":false,"template":"","format":"standard","meta":{"_crdt_document":"","inline_featured_image":false,"footnotes":""},"categories":[20,13,3],"tags":[16],"class_list":["post-1586","post","type-post","status-publish","format-standard","has-post-thumbnail","hentry","category-animation","category-exposition","category-scol","tag-bretagne"],"_links":{"self":[{"href":"https:\/\/mediation.eveha.fr\/index.php\/wp-json\/wp\/v2\/posts\/1586","targetHints":{"allow":["GET"]}}],"collection":[{"href":"https:\/\/mediation.eveha.fr\/index.php\/wp-json\/wp\/v2\/posts"}],"about":[{"href":"https:\/\/mediation.eveha.fr\/index.php\/wp-json\/wp\/v2\/types\/post"}],"author":[{"embeddable":true,"href":"https:\/\/mediation.eveha.fr\/index.php\/wp-json\/wp\/v2\/users\/6"}],"replies":[{"embeddable":true,"href":"https:\/\/mediation.eveha.fr\/index.php\/wp-json\/wp\/v2\/comments?post=1586"}],"version-history":[{"count":5,"href":"https:\/\/mediation.eveha.fr\/index.php\/wp-json\/wp\/v2\/posts\/1586\/revisions"}],"predecessor-version":[{"id":3436,"href":"https:\/\/mediation.eveha.fr\/index.php\/wp-json\/wp\/v2\/posts\/1586\/revisions\/3436"}],"wp:featuredmedia":[{"embeddable":true,"href":"https:\/\/mediation.eveha.fr\/index.php\/wp-json\/wp\/v2\/media\/1753"}],"wp:attachment":[{"href":"https:\/\/mediation.eveha.fr\/index.php\/wp-json\/wp\/v2\/media?parent=1586"}],"wp:term":[{"taxonomy":"category","embeddable":true,"href":"https:\/\/mediation.eveha.fr\/index.php\/wp-json\/wp\/v2\/categories?post=1586"},{"taxonomy":"post_tag","embeddable":true,"href":"https:\/\/mediation.eveha.fr\/index.php\/wp-json\/wp\/v2\/tags?post=1586"}],"curies":[{"name":"wp","href":"https:\/\/api.w.org\/{rel}","templated":true}]}}