{"id":1584,"date":"2024-02-22T14:57:15","date_gmt":"2024-02-22T13:57:15","guid":{"rendered":"https:\/\/mediationdev.eveha.fr\/?p=1584"},"modified":"2024-10-15T12:55:29","modified_gmt":"2024-10-15T10:55:29","slug":"portes-ouvertes-a-sorigny","status":"publish","type":"post","link":"https:\/\/mediation.eveha.fr\/index.php\/portes-ouvertes-a-sorigny\/","title":{"rendered":"Portes ouvertes \u00e0 Sorigny !"},"content":{"rendered":"\n<h4 class=\"wp-block-heading has-large-font-size\"><strong>Le site ZAC du Four \u00e0 Chaux a ouvert ses portes aux grands et aux petits.<\/strong><\/h4>\n\n\n\n<p class=\"wp-block-paragraph\">Le site de Sorigny-ZAC du Four \u00e0 Chaux livre des vestiges arch\u00e9ologiques exceptionnels allant du N\u00e9olithique au Moyen \u00c2ge. \u00c0 l&rsquo;occasion des portes ouvertes organis\u00e9es pour les classes de l&rsquo;\u00e9cole primaire et pour le grand public, ces derniers ont ainsi pu venir admirer un four \u00e0 pierre chauff\u00e9 dat\u00e9 du N\u00e9olithiuqe, une occupation de la fin de la Protohistoire (\u00e9poque gauloise ?), mais aussi une villa antique et une petite zone fun\u00e9raire, sans doute m\u00e9di\u00e9vale.<\/p>\n\n\n\n<p class=\"wp-block-paragraph\">Le mobilier arch\u00e9ologique (c\u00e9ramiques, outils, etc.) a \u00e9galement \u00e9t\u00e9 pr\u00e9sent\u00e9, permettant d&rsquo;\u00e9voquer les analyses de post-fouille qui seront men\u00e9s en laboratoire par la suite.<\/p>\n\n\n\n<p class=\"wp-block-paragraph\">Nous remercions la SET, la Communaut\u00e9 de Commune Touraine Vall\u00e9e de l&rsquo;Indre et la commune de Sorigny pour ce temps de m\u00e9diation et de partage ! <\/p>\n\n\n\n<figure class=\"wp-block-gallery has-nested-images columns-5 is-cropped wp-block-gallery-1 is-layout-flex wp-block-gallery-is-layout-flex\">\n<figure class=\"wp-block-image size-full\"><img loading=\"lazy\" decoding=\"async\" width=\"1280\" height=\"960\" data-id=\"2269\" src=\"https:\/\/mediation.eveha.fr\/wp-content\/uploads\/2024\/03\/IMG_20230504_112300.resized.jpg\" alt=\"\" class=\"wp-image-2269\"\/><\/figure>\n\n\n\n<figure class=\"wp-block-image size-full\"><img loading=\"lazy\" decoding=\"async\" width=\"1280\" height=\"960\" data-id=\"1775\" src=\"https:\/\/mediation.eveha.fr\/wp-content\/uploads\/2024\/02\/scoalires_sorigny3.resized.jpg\" alt=\"\" class=\"wp-image-1775\"\/><\/figure>\n\n\n\n<figure class=\"wp-block-image size-full\"><img loading=\"lazy\" decoding=\"async\" width=\"1280\" height=\"960\" data-id=\"1774\" src=\"https:\/\/mediation.eveha.fr\/wp-content\/uploads\/2024\/02\/scoalires_sorigny.resized.jpg\" alt=\"\" class=\"wp-image-1774\"\/><\/figure>\n\n\n\n<figure class=\"wp-block-image size-full\"><img loading=\"lazy\" decoding=\"async\" width=\"1280\" height=\"960\" data-id=\"1773\" src=\"https:\/\/mediation.eveha.fr\/wp-content\/uploads\/2024\/02\/scoalires_sorigny2.resized.jpg\" alt=\"\" class=\"wp-image-1773\"\/><\/figure>\n\n\n\n<figure class=\"wp-block-image size-full\"><img loading=\"lazy\" decoding=\"async\" width=\"720\" height=\"960\" data-id=\"1772\" src=\"https:\/\/mediation.eveha.fr\/wp-content\/uploads\/2024\/02\/IMG_20230505_150728.resized.jpg\" alt=\"\" class=\"wp-image-1772\"\/><\/figure>\n<\/figure>\n\n\n\n<p class=\"wp-block-paragraph\"><\/p>\n","protected":false},"excerpt":{"rendered":"<p>Le site ZAC du Four \u00e0 Chaux a ouvert ses portes aux grands et aux petits. Le site de Sorigny-ZAC du Four \u00e0 Chaux livre des vestiges arch\u00e9ologiques exceptionnels allant du N\u00e9olithique au Moyen \u00c2ge. \u00c0 l&rsquo;occasion des portes ouvertes organis\u00e9es pour les classes de l&rsquo;\u00e9cole primaire et pour le grand public, ces derniers ont [&hellip;]<\/p>\n","protected":false},"author":6,"featured_media":1771,"comment_status":"open","ping_status":"open","sticky":false,"template":"","format":"standard","meta":{"_crdt_document":"","inline_featured_image":false,"footnotes":""},"categories":[1,3],"tags":[30],"class_list":["post-1584","post","type-post","status-publish","format-standard","has-post-thumbnail","hentry","category-portesouvertes","category-scol","tag-centre-val-de-loire"],"_links":{"self":[{"href":"https:\/\/mediation.eveha.fr\/index.php\/wp-json\/wp\/v2\/posts\/1584","targetHints":{"allow":["GET"]}}],"collection":[{"href":"https:\/\/mediation.eveha.fr\/index.php\/wp-json\/wp\/v2\/posts"}],"about":[{"href":"https:\/\/mediation.eveha.fr\/index.php\/wp-json\/wp\/v2\/types\/post"}],"author":[{"embeddable":true,"href":"https:\/\/mediation.eveha.fr\/index.php\/wp-json\/wp\/v2\/users\/6"}],"replies":[{"embeddable":true,"href":"https:\/\/mediation.eveha.fr\/index.php\/wp-json\/wp\/v2\/comments?post=1584"}],"version-history":[{"count":6,"href":"https:\/\/mediation.eveha.fr\/index.php\/wp-json\/wp\/v2\/posts\/1584\/revisions"}],"predecessor-version":[{"id":3447,"href":"https:\/\/mediation.eveha.fr\/index.php\/wp-json\/wp\/v2\/posts\/1584\/revisions\/3447"}],"wp:featuredmedia":[{"embeddable":true,"href":"https:\/\/mediation.eveha.fr\/index.php\/wp-json\/wp\/v2\/media\/1771"}],"wp:attachment":[{"href":"https:\/\/mediation.eveha.fr\/index.php\/wp-json\/wp\/v2\/media?parent=1584"}],"wp:term":[{"taxonomy":"category","embeddable":true,"href":"https:\/\/mediation.eveha.fr\/index.php\/wp-json\/wp\/v2\/categories?post=1584"},{"taxonomy":"post_tag","embeddable":true,"href":"https:\/\/mediation.eveha.fr\/index.php\/wp-json\/wp\/v2\/tags?post=1584"}],"curies":[{"name":"wp","href":"https:\/\/api.w.org\/{rel}","templated":true}]}}